{"id":5342,"date":"2021-05-28T12:24:00","date_gmt":"2021-05-28T12:24:00","guid":{"rendered":"https:\/\/www.ispblog.com.br\/?p=5342"},"modified":"2021-05-28T12:24:00","modified_gmt":"2021-05-28T12:24:00","slug":"programa-de-governanca-e-boas-praticas-em-tratamento-de-dados-pessoais","status":"publish","type":"post","link":"https:\/\/ispmais.com.br\/blog\/?p=5342","title":{"rendered":"Programa de Governan\u00e7a e Boas Pr\u00e1ticas em Tratamento de Dados Pessoais"},"content":{"rendered":"\n<p><\/p>\n\n\n\n<figure class=\"wp-block-image size-large\"><img loading=\"lazy\" decoding=\"async\" width=\"642\" height=\"500\" src=\"https:\/\/www.ispblog.com.br\/wp-content\/uploads\/2021\/05\/programa-governanca-boas-praticas-tratamento-dados-pessoais.png\" alt=\"\" class=\"wp-image-5343\" srcset=\"https:\/\/ispmais.com.br\/blog\/wp-content\/uploads\/2021\/05\/programa-governanca-boas-praticas-tratamento-dados-pessoais.png 642w, https:\/\/ispmais.com.br\/blog\/wp-content\/uploads\/2021\/05\/programa-governanca-boas-praticas-tratamento-dados-pessoais-300x234.png 300w, https:\/\/ispmais.com.br\/blog\/wp-content\/uploads\/2021\/05\/programa-governanca-boas-praticas-tratamento-dados-pessoais-150x117.png 150w\" sizes=\"auto, (max-width: 642px) 100vw, 642px\" \/><\/figure>\n\n\n\n<p>A Lei Geral de Prote\u00e7\u00e3o de Dados Pessoais (LGPD), ou Lei n\u00ba 13.709\/2018, que regulamenta o tratamento dos dados pessoais no Brasil, inclusive digitais, entrou em vigor em setembro de 2020, e suas penalidades pelo seu descumprimento passar\u00e3o a ser aplic\u00e1veis a partir de 01\/08\/2021.<\/p>\n\n\n\n<p>Importante saber que a LGPD se aplica a todas as empresas privadas e p\u00fablicas de todos os setores da economia e \u00e0 administra\u00e7\u00e3o p\u00fablica, que realizam o tratamento de dados pessoais e\/ou dados sens\u00edveis, o que inclui sua coleta, armazenamento e descarte, entre outros.<\/p>\n\n\n\n<p>Ou seja, o provedor, idenpendentemente do porte, tamb\u00e9m dever\u00e1 se adequar \u00e0 nova lei, sendo que n\u00e3o h\u00e1, at\u00e9 o presente momento, assimetria regulat\u00f3ria para empresas de pequeno porte, de modo que as obriga\u00e7\u00f5es trazidas na LGPD s\u00e3o as mesmas para todas as empresas.<\/p>\n\n\n\n<p>Assim, nasce a necessidade de implementa\u00e7\u00e3o dos princ\u00edpios e normas da LGPD tamb\u00e9m na rotina das organiza\u00e7\u00f5es, e isso deve ser traduzido tanto na adequa\u00e7\u00e3o de contratos e seguran\u00e7a dos dados de clientes, como mudan\u00e7as internas, ou seja, adequa\u00e7\u00e3o do processo seletivo para novas vagas, processo de contrata\u00e7\u00e3o, ado\u00e7\u00e3o de pol\u00edticas de prote\u00e7\u00e3o de dados, C\u00f3digo de \u00c9tica, entre outros.<\/p>\n\n\n\n<p>Dessa maneira, \u00e9 preciso que o provedor coloque em pr\u00e1tica um Programa de Governan\u00e7a e Boas Pr\u00e1ticas em Tratamento de Dados Pessoais, conforme sugerido pela LGPD.<\/p>\n\n\n\n<p>O Programa de Governan\u00e7a e Boas Pr\u00e1ticas em Tratamento de Dados Pessoais consiste em um conjunto de a\u00e7\u00f5es e pol\u00edticas sugerido pela LGPD para demonstrar o comprometimento da empresa com os direitos dos titulares de dados pessoais e comprovar a adequa\u00e7\u00e3o \u00e0 LGPD.<\/p>\n\n\n\n<p>Entendemos que o esse Programa deve contemplar ao menos 4 etapas: (i) implementa\u00e7\u00e3o, (ii) representa\u00e7\u00e3o, (iii) capacita\u00e7\u00e3o e (iv) auditoria.<\/p>\n\n\n\n<p>Mas, \u00e9 importante destacar que o processo de adequa\u00e7\u00e3o de sua empresa \u00e0 LGPD deve ter como ponto de partida o comprometimento da alta dire\u00e7\u00e3o, \u00e9 indispens\u00e1vel que a cultura de prote\u00e7\u00e3o de dados seja um valor da empresa, dos colaboradores, dos s\u00f3cios e diretores.<\/p>\n\n\n\n<ol class=\"wp-block-list\" type=\"i\"><li><strong>IMPLEMENTA\u00c7\u00c3O:<\/strong><\/li><\/ol>\n\n\n\n<p>A primeira etapa do Programa de Governan\u00e7a e Boas Pr\u00e1ticas de Tratamento de Dados Pessoais tem por foco a reestrutura\u00e7\u00e3o de comportamentos e documentos com finalidade de adequar a empresa \u00e0 LGPD, o que contempla, por exemplo, a cria\u00e7\u00e3o de pol\u00edticas internas de tratamento de dados e do devido descarte; revis\u00e3o dos acessos a dados pessoais por pessoas que n\u00e3o necessitam conhecer esses dados; adequa\u00e7\u00e3o do processo de armazenamento de documentos; revis\u00e3o do processos de RH; revis\u00e3o de contratos internos (empresa x empregado) e externos (clientes e fornecedores); etc.<\/p>\n\n\n\n<p>Ainda, \u00e9 durante o processo de implementa\u00e7\u00e3o que dever\u00e1 ser realizado o mapeamento dos dados tratados, que nada mais \u00e9 do que levantar todos os dados tratados pelo provedor e desenhar o seu fluxo dentro da empresa, ou seja, identificar como s\u00e3o coletados, quem tem acesso, com quais departamentos s\u00e3o compartilhados, por quanto tempo permanecem armazenados e quando s\u00e3o exclu\u00eddos.<\/p>\n\n\n\n<ol class=\"wp-block-list\" type=\"i\" start=\"2\"><li><strong>REPRESENTA\u00c7\u00c3O &#8211; NECESSIDADE DE INDICA\u00c7\u00c3O DE UM DPO<\/strong><\/li><\/ol>\n\n\n\n<p>A LGPD imp\u00f5e como obriga\u00e7\u00e3o \u00e0s empresas a nomea\u00e7\u00e3o de um DPO. Voc\u00ea poder\u00e1 apontar algu\u00e9m interno, como tamb\u00e9m poder\u00e1 contratar prestador de servi\u00e7o especializado.<\/p>\n\n\n\n<p>O DPO (encarregado) \u00e9 a pessoa indicada pelo controlador respons\u00e1vel por fazer a comunica\u00e7\u00e3o entre controlador, titulares e autoridade nacional.<\/p>\n\n\n\n<p>A identidade e as informa\u00e7\u00f5es de contato do DPO dever\u00e3o ser divulgadas publicamente, de forma clara e objetiva, preferencialmente no site da empresa.<\/p>\n\n\n\n<p>O DPO dever\u00e1 ser respons\u00e1vel por aceitar reclama\u00e7\u00f5es e comunica\u00e7\u00f5es dos titulares, prestar esclarecimentos e adotar provid\u00eancias, bem como, receber comunica\u00e7\u00f5es da Autoridade Nacional de Prote\u00e7\u00e3o de Dados Pessoais \u2013 ANPD e adotar provid\u00eancias;<\/p>\n\n\n\n<p>Ainda, caber\u00e1 ao DPO elaborar o Relat\u00f3rio de Impacto \u00e0 Prote\u00e7\u00e3o de Dados Pessoais, que \u00e9 um documento que averigua os riscos do tratamento de dados pessoais e apresenta mecanismos para redu\u00e7\u00e3o ou elimina\u00e7\u00e3o desses riscos. Este relat\u00f3rio, em determinados casos, poder\u00e1 ser exigido pela Autoridade Nacional de Prote\u00e7\u00e3o de Dados Pessoais (ANPD), que \u00e9 \u00f3rg\u00e3o respons\u00e1vel pela fiscaliza\u00e7\u00e3o da LGPD.<\/p>\n\n\n\n<ol class=\"wp-block-list\" type=\"i\" start=\"3\"><li><strong>CAPACITA\u00c7\u00c3O<\/strong><\/li><\/ol>\n\n\n\n<p>Conforme j\u00e1 mencionado, a prote\u00e7\u00e3o e dados dever\u00e1 ser uma conduta esperada de todos da empresa, empregados, s\u00f3cios ou terceirizados. Desse modo, somente \u00e9 poss\u00edvel exigir o cumprimento das pol\u00edticas de tratamento de dados se todos conhecerem a LGPD.<\/p>\n\n\n\n<p>De tal forma, ser\u00e1 necess\u00e1ria a capacita\u00e7\u00e3o de todos os membros da empresa, o que se sugere ser feito por meio de treinamentos regulares e fornecimento de conte\u00fado.<\/p>\n\n\n\n<ol class=\"wp-block-list\" type=\"i\" start=\"4\"><li><strong>AUDITORIA<\/strong><\/li><\/ol>\n\n\n\n<p>A auditoria do Programa de Governan\u00e7a e Boas Pr\u00e1ticas de Tratamento de Dados Pessoais permite que a empresa possa melhorar processos, encontrar falhas e demonstrar \u00e0 ANPD seu comprometimento, de modo que as auditorias devem ser peri\u00f3dicas.<\/p>\n\n\n\n<p>Por fim, vale lembrar que a LGPD instituiu novos conceitos, princ\u00edpios, direitos e obriga\u00e7\u00f5es que, em conjunto, traduzem uma nova cultura de mercado nas opera\u00e7\u00f5es com dados pessoais, de maior transpar\u00eancia e seguran\u00e7a, bem como autonomia do titular de dados.<\/p>\n\n\n\n<p>Com a entrada em vigor desta lei, as empresas se obrigam a tratar os dados pessoais apenas para fins do neg\u00f3cio, precisam controlar o acesso e manipula\u00e7\u00e3o aos dados e oferecer garantias de seguran\u00e7a do armazenamento destes dados aos titulares que os forneceram.<\/p>\n\n\n\n<p>O assunto \u00e9 extenso, mas esperamos que esse material possa contribuir para a dissemina\u00e7\u00e3o de conhecimento dos principais t\u00f3picos da LGPD, mas caso precise de maiores informa\u00e7\u00f5es voc\u00ea poder\u00e1 conversar conosco.<\/p>\n\n\n\n<p><strong><em>Dra. Anna Gardemann e Dra. Mariana Vidotti<br \/>Ambas comp\u00f5em o corpo de Advogados da Gardemann &amp; Vidotti Advogados Associados<\/em><\/strong><\/p>\n","protected":false},"excerpt":{"rendered":"<p>A Lei Geral de Prote\u00e7\u00e3o de Dados Pessoais (LGPD), ou Lei n\u00ba 13.709\/2018, que regulamenta o tratamento dos dados pessoais no Brasil, inclusive digitais, entrou em vigor em setembro de 2020, e suas penalidades pelo seu descumprimento passar\u00e3o a ser aplic\u00e1veis a partir de 01\/08\/2021. Importante saber que a LGPD se aplica a todas as [&hellip;]<\/p>\n","protected":false},"author":1,"featured_media":5344,"comment_status":"open","ping_status":"open","sticky":false,"template":"","format":"standard","meta":{"footnotes":""},"categories":[1],"tags":[],"class_list":{"0":"post-5342","1":"post","2":"type-post","3":"status-publish","4":"format-standard","5":"has-post-thumbnail","7":"category-sem-categoria"},"yoast_head":"<!-- This site is optimized with the Yoast SEO plugin v25.7 - https:\/\/yoast.com\/wordpress\/plugins\/seo\/ -->\n<title>Programa de Governan\u00e7a e Boas Pr\u00e1ticas em Tratamento de Dados Pessoais<\/title>\n<meta name=\"description\" content=\"A LGPD, ou Lei n\u00ba 13.709\/2018, que regulamenta o tratamento dos dados pessoais no Brasil, inclusive digitais, entrou em vigor em setembro de 2020\" \/>\n<meta name=\"robots\" content=\"index, follow, max-snippet:-1, max-image-preview:large, max-video-preview:-1\" \/>\n<link rel=\"canonical\" href=\"https:\/\/ispmais.com.br\/blog\/?p=5342\" \/>\n<meta property=\"og:locale\" content=\"pt_BR\" \/>\n<meta property=\"og:type\" content=\"article\" \/>\n<meta property=\"og:title\" content=\"Programa de Governan\u00e7a e Boas Pr\u00e1ticas em Tratamento de Dados Pessoais\" \/>\n<meta property=\"og:description\" content=\"A LGPD, ou Lei n\u00ba 13.709\/2018, que regulamenta o tratamento dos dados pessoais no Brasil, inclusive digitais, entrou em vigor em setembro de 2020\" \/>\n<meta property=\"og:url\" content=\"https:\/\/ispmais.com.br\/blog\/?p=5342\" \/>\n<meta property=\"og:site_name\" content=\"ISP Blog\" \/>\n<meta property=\"article:published_time\" content=\"2021-05-28T12:24:00+00:00\" \/>\n<meta property=\"og:image\" content=\"https:\/\/ispmais.com.br\/blog\/wp-content\/uploads\/2021\/05\/programa-governanca-boas-praticas-tratamento-dados-pessoais-1.png\" \/>\n\t<meta property=\"og:image:width\" content=\"642\" \/>\n\t<meta property=\"og:image:height\" content=\"500\" \/>\n\t<meta property=\"og:image:type\" content=\"image\/png\" \/>\n<meta name=\"author\" content=\"Fortram\" \/>\n<meta name=\"twitter:card\" content=\"summary_large_image\" \/>\n<meta name=\"twitter:label1\" content=\"Escrito por\" \/>\n\t<meta name=\"twitter:data1\" content=\"Fortram\" \/>\n\t<meta name=\"twitter:label2\" content=\"Est. tempo de leitura\" \/>\n\t<meta name=\"twitter:data2\" content=\"5 minutos\" \/>\n<script type=\"application\/ld+json\" class=\"yoast-schema-graph\">{\"@context\":\"https:\/\/schema.org\",\"@graph\":[{\"@type\":\"WebPage\",\"@id\":\"https:\/\/ispmais.com.br\/blog\/?p=5342\",\"url\":\"https:\/\/ispmais.com.br\/blog\/?p=5342\",\"name\":\"Programa de Governan\u00e7a e Boas Pr\u00e1ticas em Tratamento de Dados Pessoais\",\"isPartOf\":{\"@id\":\"https:\/\/ispmais.com.br\/blog\/#website\"},\"primaryImageOfPage\":{\"@id\":\"https:\/\/ispmais.com.br\/blog\/?p=5342#primaryimage\"},\"image\":{\"@id\":\"https:\/\/ispmais.com.br\/blog\/?p=5342#primaryimage\"},\"thumbnailUrl\":\"https:\/\/ispmais.com.br\/blog\/wp-content\/uploads\/2021\/05\/programa-governanca-boas-praticas-tratamento-dados-pessoais-1.png\",\"datePublished\":\"2021-05-28T12:24:00+00:00\",\"author\":{\"@id\":\"https:\/\/ispmais.com.br\/blog\/#\/schema\/person\/2023c1dff35852622ecd24558fc9510d\"},\"description\":\"A LGPD, ou Lei n\u00ba 13.709\/2018, que regulamenta o tratamento dos dados pessoais no Brasil, inclusive digitais, entrou em vigor em setembro de 2020\",\"breadcrumb\":{\"@id\":\"https:\/\/ispmais.com.br\/blog\/?p=5342#breadcrumb\"},\"inLanguage\":\"pt-BR\",\"potentialAction\":[{\"@type\":\"ReadAction\",\"target\":[\"https:\/\/ispmais.com.br\/blog\/?p=5342\"]}]},{\"@type\":\"ImageObject\",\"inLanguage\":\"pt-BR\",\"@id\":\"https:\/\/ispmais.com.br\/blog\/?p=5342#primaryimage\",\"url\":\"https:\/\/ispmais.com.br\/blog\/wp-content\/uploads\/2021\/05\/programa-governanca-boas-praticas-tratamento-dados-pessoais-1.png\",\"contentUrl\":\"https:\/\/ispmais.com.br\/blog\/wp-content\/uploads\/2021\/05\/programa-governanca-boas-praticas-tratamento-dados-pessoais-1.png\",\"width\":642,\"height\":500},{\"@type\":\"BreadcrumbList\",\"@id\":\"https:\/\/ispmais.com.br\/blog\/?p=5342#breadcrumb\",\"itemListElement\":[{\"@type\":\"ListItem\",\"position\":1,\"name\":\"Home\",\"item\":\"https:\/\/ispmais.com.br\/blog\/\"},{\"@type\":\"ListItem\",\"position\":2,\"name\":\"Programa de Governan\u00e7a e Boas Pr\u00e1ticas em Tratamento de Dados Pessoais\"}]},{\"@type\":\"WebSite\",\"@id\":\"https:\/\/ispmais.com.br\/blog\/#website\",\"url\":\"https:\/\/ispmais.com.br\/blog\/\",\"name\":\"ISP Blog\",\"description\":\"\",\"potentialAction\":[{\"@type\":\"SearchAction\",\"target\":{\"@type\":\"EntryPoint\",\"urlTemplate\":\"https:\/\/ispmais.com.br\/blog\/?s={search_term_string}\"},\"query-input\":{\"@type\":\"PropertyValueSpecification\",\"valueRequired\":true,\"valueName\":\"search_term_string\"}}],\"inLanguage\":\"pt-BR\"},{\"@type\":\"Person\",\"@id\":\"https:\/\/ispmais.com.br\/blog\/#\/schema\/person\/2023c1dff35852622ecd24558fc9510d\",\"name\":\"Fortram\",\"image\":{\"@type\":\"ImageObject\",\"inLanguage\":\"pt-BR\",\"@id\":\"https:\/\/ispmais.com.br\/blog\/#\/schema\/person\/image\/\",\"url\":\"https:\/\/secure.gravatar.com\/avatar\/79b185d16f6dfc083a429bb61bd828441848e5289b10b3da225f19bfa17734bb?s=96&d=mm&r=g\",\"contentUrl\":\"https:\/\/secure.gravatar.com\/avatar\/79b185d16f6dfc083a429bb61bd828441848e5289b10b3da225f19bfa17734bb?s=96&d=mm&r=g\",\"caption\":\"Fortram\"},\"sameAs\":[\"https:\/\/fortram.site\/wordpress\/iesp\/blog\"],\"url\":\"https:\/\/ispmais.com.br\/blog\/?author=1\"}]}<\/script>\n<!-- \/ Yoast SEO plugin. -->","yoast_head_json":{"title":"Programa de Governan\u00e7a e Boas Pr\u00e1ticas em Tratamento de Dados Pessoais","description":"A LGPD, ou Lei n\u00ba 13.709\/2018, que regulamenta o tratamento dos dados pessoais no Brasil, inclusive digitais, entrou em vigor em setembro de 2020","robots":{"index":"index","follow":"follow","max-snippet":"max-snippet:-1","max-image-preview":"max-image-preview:large","max-video-preview":"max-video-preview:-1"},"canonical":"https:\/\/ispmais.com.br\/blog\/?p=5342","og_locale":"pt_BR","og_type":"article","og_title":"Programa de Governan\u00e7a e Boas Pr\u00e1ticas em Tratamento de Dados Pessoais","og_description":"A LGPD, ou Lei n\u00ba 13.709\/2018, que regulamenta o tratamento dos dados pessoais no Brasil, inclusive digitais, entrou em vigor em setembro de 2020","og_url":"https:\/\/ispmais.com.br\/blog\/?p=5342","og_site_name":"ISP Blog","article_published_time":"2021-05-28T12:24:00+00:00","og_image":[{"width":642,"height":500,"url":"https:\/\/ispmais.com.br\/blog\/wp-content\/uploads\/2021\/05\/programa-governanca-boas-praticas-tratamento-dados-pessoais-1.png","type":"image\/png"}],"author":"Fortram","twitter_card":"summary_large_image","twitter_misc":{"Escrito por":"Fortram","Est. tempo de leitura":"5 minutos"},"schema":{"@context":"https:\/\/schema.org","@graph":[{"@type":"WebPage","@id":"https:\/\/ispmais.com.br\/blog\/?p=5342","url":"https:\/\/ispmais.com.br\/blog\/?p=5342","name":"Programa de Governan\u00e7a e Boas Pr\u00e1ticas em Tratamento de Dados Pessoais","isPartOf":{"@id":"https:\/\/ispmais.com.br\/blog\/#website"},"primaryImageOfPage":{"@id":"https:\/\/ispmais.com.br\/blog\/?p=5342#primaryimage"},"image":{"@id":"https:\/\/ispmais.com.br\/blog\/?p=5342#primaryimage"},"thumbnailUrl":"https:\/\/ispmais.com.br\/blog\/wp-content\/uploads\/2021\/05\/programa-governanca-boas-praticas-tratamento-dados-pessoais-1.png","datePublished":"2021-05-28T12:24:00+00:00","author":{"@id":"https:\/\/ispmais.com.br\/blog\/#\/schema\/person\/2023c1dff35852622ecd24558fc9510d"},"description":"A LGPD, ou Lei n\u00ba 13.709\/2018, que regulamenta o tratamento dos dados pessoais no Brasil, inclusive digitais, entrou em vigor em setembro de 2020","breadcrumb":{"@id":"https:\/\/ispmais.com.br\/blog\/?p=5342#breadcrumb"},"inLanguage":"pt-BR","potentialAction":[{"@type":"ReadAction","target":["https:\/\/ispmais.com.br\/blog\/?p=5342"]}]},{"@type":"ImageObject","inLanguage":"pt-BR","@id":"https:\/\/ispmais.com.br\/blog\/?p=5342#primaryimage","url":"https:\/\/ispmais.com.br\/blog\/wp-content\/uploads\/2021\/05\/programa-governanca-boas-praticas-tratamento-dados-pessoais-1.png","contentUrl":"https:\/\/ispmais.com.br\/blog\/wp-content\/uploads\/2021\/05\/programa-governanca-boas-praticas-tratamento-dados-pessoais-1.png","width":642,"height":500},{"@type":"BreadcrumbList","@id":"https:\/\/ispmais.com.br\/blog\/?p=5342#breadcrumb","itemListElement":[{"@type":"ListItem","position":1,"name":"Home","item":"https:\/\/ispmais.com.br\/blog\/"},{"@type":"ListItem","position":2,"name":"Programa de Governan\u00e7a e Boas Pr\u00e1ticas em Tratamento de Dados Pessoais"}]},{"@type":"WebSite","@id":"https:\/\/ispmais.com.br\/blog\/#website","url":"https:\/\/ispmais.com.br\/blog\/","name":"ISP Blog","description":"","potentialAction":[{"@type":"SearchAction","target":{"@type":"EntryPoint","urlTemplate":"https:\/\/ispmais.com.br\/blog\/?s={search_term_string}"},"query-input":{"@type":"PropertyValueSpecification","valueRequired":true,"valueName":"search_term_string"}}],"inLanguage":"pt-BR"},{"@type":"Person","@id":"https:\/\/ispmais.com.br\/blog\/#\/schema\/person\/2023c1dff35852622ecd24558fc9510d","name":"Fortram","image":{"@type":"ImageObject","inLanguage":"pt-BR","@id":"https:\/\/ispmais.com.br\/blog\/#\/schema\/person\/image\/","url":"https:\/\/secure.gravatar.com\/avatar\/79b185d16f6dfc083a429bb61bd828441848e5289b10b3da225f19bfa17734bb?s=96&d=mm&r=g","contentUrl":"https:\/\/secure.gravatar.com\/avatar\/79b185d16f6dfc083a429bb61bd828441848e5289b10b3da225f19bfa17734bb?s=96&d=mm&r=g","caption":"Fortram"},"sameAs":["https:\/\/fortram.site\/wordpress\/iesp\/blog"],"url":"https:\/\/ispmais.com.br\/blog\/?author=1"}]}},"_links":{"self":[{"href":"https:\/\/ispmais.com.br\/blog\/index.php?rest_route=\/wp\/v2\/posts\/5342","targetHints":{"allow":["GET"]}}],"collection":[{"href":"https:\/\/ispmais.com.br\/blog\/index.php?rest_route=\/wp\/v2\/posts"}],"about":[{"href":"https:\/\/ispmais.com.br\/blog\/index.php?rest_route=\/wp\/v2\/types\/post"}],"author":[{"embeddable":true,"href":"https:\/\/ispmais.com.br\/blog\/index.php?rest_route=\/wp\/v2\/users\/1"}],"replies":[{"embeddable":true,"href":"https:\/\/ispmais.com.br\/blog\/index.php?rest_route=%2Fwp%2Fv2%2Fcomments&post=5342"}],"version-history":[{"count":0,"href":"https:\/\/ispmais.com.br\/blog\/index.php?rest_route=\/wp\/v2\/posts\/5342\/revisions"}],"wp:featuredmedia":[{"embeddable":true,"href":"https:\/\/ispmais.com.br\/blog\/index.php?rest_route=\/wp\/v2\/media\/5344"}],"wp:attachment":[{"href":"https:\/\/ispmais.com.br\/blog\/index.php?rest_route=%2Fwp%2Fv2%2Fmedia&parent=5342"}],"wp:term":[{"taxonomy":"category","embeddable":true,"href":"https:\/\/ispmais.com.br\/blog\/index.php?rest_route=%2Fwp%2Fv2%2Fcategories&post=5342"},{"taxonomy":"post_tag","embeddable":true,"href":"https:\/\/ispmais.com.br\/blog\/index.php?rest_route=%2Fwp%2Fv2%2Ftags&post=5342"}],"curies":[{"name":"wp","href":"https:\/\/api.w.org\/{rel}","templated":true}]}}