{"id":5364,"date":"2021-06-02T11:57:14","date_gmt":"2021-06-02T11:57:14","guid":{"rendered":"https:\/\/www.ispblog.com.br\/?p=5364"},"modified":"2021-06-02T11:57:14","modified_gmt":"2021-06-02T11:57:14","slug":"anatel-estabelece-requisitos-tecnicos-e-operacionais-da-faixa-de-26-ghz","status":"publish","type":"post","link":"https:\/\/ispmais.com.br\/blog\/?p=5364","title":{"rendered":"Anatel estabelece requisitos t\u00e9cnicos e operacionais da faixa de 26 Ghz"},"content":{"rendered":"\n<p><em>As faixas 24,25 &#8211; 27,5 GHz possibilitam maiores taxas de transmiss\u00e3o, com menores lat\u00eancias em aplica\u00e7\u00f5es 5G<\/em><\/p>\n\n\n\n<figure class=\"wp-block-image size-large\"><img loading=\"lazy\" decoding=\"async\" width=\"642\" height=\"500\" src=\"https:\/\/www.ispblog.com.br\/wp-content\/uploads\/2021\/06\/anatel-estabelece-requisitos-tecnicos-operacionais-faixa-26-ghz.png\" alt=\"Faixa de 26 GHz possibilita maior taxa de transmiss\u00e3o, com menor lat\u00eancia em aplica\u00e7\u00f5es 5G\" class=\"wp-image-5365\" srcset=\"https:\/\/ispmais.com.br\/blog\/wp-content\/uploads\/2021\/06\/anatel-estabelece-requisitos-tecnicos-operacionais-faixa-26-ghz.png 642w, https:\/\/ispmais.com.br\/blog\/wp-content\/uploads\/2021\/06\/anatel-estabelece-requisitos-tecnicos-operacionais-faixa-26-ghz-300x234.png 300w, https:\/\/ispmais.com.br\/blog\/wp-content\/uploads\/2021\/06\/anatel-estabelece-requisitos-tecnicos-operacionais-faixa-26-ghz-150x117.png 150w\" sizes=\"auto, (max-width: 642px) 100vw, 642px\" \/><figcaption>Faixa de 26 GHz possibilita maior taxa de transmiss\u00e3o, com menor lat\u00eancia em aplica\u00e7\u00f5es 5G<\/figcaption><\/figure>\n\n\n\n<p>A Ag\u00eancia Nacional de Telecomunica\u00e7\u00f5es (Anatel) publicou, dia 20 de maio, a aprova\u00e7\u00e3o dos requisitos t\u00e9cnicos e operacionais de condi\u00e7\u00f5es de uso da subfaixa 26 GHz (24,25- 7,5 GHz) por esta\u00e7\u00f5es do Servi\u00e7o M\u00f3vel Pessoal (SMP), do Servi\u00e7o de Comunica\u00e7\u00e3o Multim\u00eddia (SCM), do Servi\u00e7o Telef\u00f4nico Fixo Comutado (STFC) e do Servi\u00e7o Limitado Privado (SLP).<\/p>\n\n\n\n<p>Dessa forma, ficam estabelecidos os requisitos t\u00e9cnicos e operacionais da faixa de 26 GHz, faixa de ondas milim\u00e9tricas que possibilitam maiores taxas de transmiss\u00e3o, com menores lat\u00eancias em aplica\u00e7\u00f5es 5G, que constam como uma das faixas a serem licitadas no novo edital. A medida foi autorizada pelo Ato&nbsp; n\u00ba 3.543, de 19 de maio de 2021. Esse Ato estabelece limite de pot\u00eancia m\u00e1xima transmitida pelas esta\u00e7\u00f5es m\u00f3veis ou terminais, bem como limites de emiss\u00f5es indesej\u00e1veis, emiss\u00f5es fora da faixa e esp\u00farias.<\/p>\n\n\n\n<p>O post <a href=\"https:\/\/www.gov.br\/anatel\/pt-br\/assuntos\/noticias\/anatel-estabelece-requisitos-tecnicos-e-operacionais-da-faixa-de-26-ghz\">Anatel estabelece requisitos t\u00e9cnicos e operacionais da faixa de 26 Ghz<\/a>&nbsp;apareceu primeiro em <a href=\"https:\/\/www.gov.br\/anatel\/pt-br\">Anatel<\/a>.<\/p>\n","protected":false},"excerpt":{"rendered":"<p>As faixas 24,25 &#8211; 27,5 GHz possibilitam maiores taxas de transmiss\u00e3o, com menores lat\u00eancias em aplica\u00e7\u00f5es 5G A Ag\u00eancia Nacional de Telecomunica\u00e7\u00f5es (Anatel) publicou, dia 20 de maio, a aprova\u00e7\u00e3o dos requisitos t\u00e9cnicos e operacionais de condi\u00e7\u00f5es de uso da subfaixa 26 GHz (24,25- 7,5 GHz) por esta\u00e7\u00f5es do Servi\u00e7o M\u00f3vel Pessoal (SMP), do Servi\u00e7o [&hellip;]<\/p>\n","protected":false},"author":1,"featured_media":5366,"comment_status":"open","ping_status":"open","sticky":false,"template":"","format":"standard","meta":{"footnotes":""},"categories":[1],"tags":[],"class_list":{"0":"post-5364","1":"post","2":"type-post","3":"status-publish","4":"format-standard","5":"has-post-thumbnail","7":"category-sem-categoria"},"yoast_head":"<!-- This site is optimized with the Yoast SEO plugin v25.7 - https:\/\/yoast.com\/wordpress\/plugins\/seo\/ -->\n<title>Anatel estabelece requisitos t\u00e9cnicos e operacionais da faixa de 26 Ghz<\/title>\n<meta name=\"description\" content=\"A Ag\u00eancia Nacional de Telecomunica\u00e7\u00f5es (Anatel) publicou, a aprova\u00e7\u00e3o dos requisitos t\u00e9cnicos e operacionais de condi\u00e7\u00f5es de uso da subfaixa 26 GHz\" \/>\n<meta name=\"robots\" content=\"index, follow, max-snippet:-1, max-image-preview:large, max-video-preview:-1\" \/>\n<link rel=\"canonical\" href=\"https:\/\/ispmais.com.br\/blog\/?p=5364\" \/>\n<meta property=\"og:locale\" content=\"pt_BR\" \/>\n<meta property=\"og:type\" content=\"article\" \/>\n<meta property=\"og:title\" content=\"Anatel estabelece requisitos t\u00e9cnicos e operacionais da faixa de 26 Ghz\" \/>\n<meta property=\"og:description\" content=\"A Ag\u00eancia Nacional de Telecomunica\u00e7\u00f5es (Anatel) publicou, a aprova\u00e7\u00e3o dos requisitos t\u00e9cnicos e operacionais de condi\u00e7\u00f5es de uso da subfaixa 26 GHz\" \/>\n<meta property=\"og:url\" content=\"https:\/\/ispmais.com.br\/blog\/?p=5364\" \/>\n<meta property=\"og:site_name\" content=\"ISP Blog\" \/>\n<meta property=\"article:published_time\" content=\"2021-06-02T11:57:14+00:00\" \/>\n<meta property=\"og:image\" content=\"https:\/\/ispmais.com.br\/blog\/wp-content\/uploads\/2021\/06\/anatel-estabelece-requisitos-tecnicos-operacionais-faixa-26-ghz-1.png\" \/>\n\t<meta property=\"og:image:width\" content=\"642\" \/>\n\t<meta property=\"og:image:height\" content=\"500\" \/>\n\t<meta property=\"og:image:type\" content=\"image\/png\" \/>\n<meta name=\"author\" content=\"Fortram\" \/>\n<meta name=\"twitter:card\" content=\"summary_large_image\" \/>\n<meta name=\"twitter:label1\" content=\"Escrito por\" \/>\n\t<meta name=\"twitter:data1\" content=\"Fortram\" \/>\n\t<meta name=\"twitter:label2\" content=\"Est. tempo de leitura\" \/>\n\t<meta name=\"twitter:data2\" content=\"1 minuto\" \/>\n<script type=\"application\/ld+json\" class=\"yoast-schema-graph\">{\"@context\":\"https:\/\/schema.org\",\"@graph\":[{\"@type\":\"WebPage\",\"@id\":\"https:\/\/ispmais.com.br\/blog\/?p=5364\",\"url\":\"https:\/\/ispmais.com.br\/blog\/?p=5364\",\"name\":\"Anatel estabelece requisitos t\u00e9cnicos e operacionais da faixa de 26 Ghz\",\"isPartOf\":{\"@id\":\"https:\/\/ispmais.com.br\/blog\/#website\"},\"primaryImageOfPage\":{\"@id\":\"https:\/\/ispmais.com.br\/blog\/?p=5364#primaryimage\"},\"image\":{\"@id\":\"https:\/\/ispmais.com.br\/blog\/?p=5364#primaryimage\"},\"thumbnailUrl\":\"https:\/\/ispmais.com.br\/blog\/wp-content\/uploads\/2021\/06\/anatel-estabelece-requisitos-tecnicos-operacionais-faixa-26-ghz-1.png\",\"datePublished\":\"2021-06-02T11:57:14+00:00\",\"author\":{\"@id\":\"https:\/\/ispmais.com.br\/blog\/#\/schema\/person\/2023c1dff35852622ecd24558fc9510d\"},\"description\":\"A Ag\u00eancia Nacional de Telecomunica\u00e7\u00f5es (Anatel) publicou, a aprova\u00e7\u00e3o dos requisitos t\u00e9cnicos e operacionais de condi\u00e7\u00f5es de uso da subfaixa 26 GHz\",\"breadcrumb\":{\"@id\":\"https:\/\/ispmais.com.br\/blog\/?p=5364#breadcrumb\"},\"inLanguage\":\"pt-BR\",\"potentialAction\":[{\"@type\":\"ReadAction\",\"target\":[\"https:\/\/ispmais.com.br\/blog\/?p=5364\"]}]},{\"@type\":\"ImageObject\",\"inLanguage\":\"pt-BR\",\"@id\":\"https:\/\/ispmais.com.br\/blog\/?p=5364#primaryimage\",\"url\":\"https:\/\/ispmais.com.br\/blog\/wp-content\/uploads\/2021\/06\/anatel-estabelece-requisitos-tecnicos-operacionais-faixa-26-ghz-1.png\",\"contentUrl\":\"https:\/\/ispmais.com.br\/blog\/wp-content\/uploads\/2021\/06\/anatel-estabelece-requisitos-tecnicos-operacionais-faixa-26-ghz-1.png\",\"width\":642,\"height\":500},{\"@type\":\"BreadcrumbList\",\"@id\":\"https:\/\/ispmais.com.br\/blog\/?p=5364#breadcrumb\",\"itemListElement\":[{\"@type\":\"ListItem\",\"position\":1,\"name\":\"Home\",\"item\":\"https:\/\/ispmais.com.br\/blog\/\"},{\"@type\":\"ListItem\",\"position\":2,\"name\":\"Anatel estabelece requisitos t\u00e9cnicos e operacionais da faixa de 26 Ghz\"}]},{\"@type\":\"WebSite\",\"@id\":\"https:\/\/ispmais.com.br\/blog\/#website\",\"url\":\"https:\/\/ispmais.com.br\/blog\/\",\"name\":\"ISP Blog\",\"description\":\"\",\"potentialAction\":[{\"@type\":\"SearchAction\",\"target\":{\"@type\":\"EntryPoint\",\"urlTemplate\":\"https:\/\/ispmais.com.br\/blog\/?s={search_term_string}\"},\"query-input\":{\"@type\":\"PropertyValueSpecification\",\"valueRequired\":true,\"valueName\":\"search_term_string\"}}],\"inLanguage\":\"pt-BR\"},{\"@type\":\"Person\",\"@id\":\"https:\/\/ispmais.com.br\/blog\/#\/schema\/person\/2023c1dff35852622ecd24558fc9510d\",\"name\":\"Fortram\",\"image\":{\"@type\":\"ImageObject\",\"inLanguage\":\"pt-BR\",\"@id\":\"https:\/\/ispmais.com.br\/blog\/#\/schema\/person\/image\/\",\"url\":\"https:\/\/secure.gravatar.com\/avatar\/79b185d16f6dfc083a429bb61bd828441848e5289b10b3da225f19bfa17734bb?s=96&d=mm&r=g\",\"contentUrl\":\"https:\/\/secure.gravatar.com\/avatar\/79b185d16f6dfc083a429bb61bd828441848e5289b10b3da225f19bfa17734bb?s=96&d=mm&r=g\",\"caption\":\"Fortram\"},\"sameAs\":[\"https:\/\/fortram.site\/wordpress\/iesp\/blog\"],\"url\":\"https:\/\/ispmais.com.br\/blog\/?author=1\"}]}<\/script>\n<!-- \/ Yoast SEO plugin. -->","yoast_head_json":{"title":"Anatel estabelece requisitos t\u00e9cnicos e operacionais da faixa de 26 Ghz","description":"A Ag\u00eancia Nacional de Telecomunica\u00e7\u00f5es (Anatel) publicou, a aprova\u00e7\u00e3o dos requisitos t\u00e9cnicos e operacionais de condi\u00e7\u00f5es de uso da subfaixa 26 GHz","robots":{"index":"index","follow":"follow","max-snippet":"max-snippet:-1","max-image-preview":"max-image-preview:large","max-video-preview":"max-video-preview:-1"},"canonical":"https:\/\/ispmais.com.br\/blog\/?p=5364","og_locale":"pt_BR","og_type":"article","og_title":"Anatel estabelece requisitos t\u00e9cnicos e operacionais da faixa de 26 Ghz","og_description":"A Ag\u00eancia Nacional de Telecomunica\u00e7\u00f5es (Anatel) publicou, a aprova\u00e7\u00e3o dos requisitos t\u00e9cnicos e operacionais de condi\u00e7\u00f5es de uso da subfaixa 26 GHz","og_url":"https:\/\/ispmais.com.br\/blog\/?p=5364","og_site_name":"ISP Blog","article_published_time":"2021-06-02T11:57:14+00:00","og_image":[{"width":642,"height":500,"url":"https:\/\/ispmais.com.br\/blog\/wp-content\/uploads\/2021\/06\/anatel-estabelece-requisitos-tecnicos-operacionais-faixa-26-ghz-1.png","type":"image\/png"}],"author":"Fortram","twitter_card":"summary_large_image","twitter_misc":{"Escrito por":"Fortram","Est. tempo de leitura":"1 minuto"},"schema":{"@context":"https:\/\/schema.org","@graph":[{"@type":"WebPage","@id":"https:\/\/ispmais.com.br\/blog\/?p=5364","url":"https:\/\/ispmais.com.br\/blog\/?p=5364","name":"Anatel estabelece requisitos t\u00e9cnicos e operacionais da faixa de 26 Ghz","isPartOf":{"@id":"https:\/\/ispmais.com.br\/blog\/#website"},"primaryImageOfPage":{"@id":"https:\/\/ispmais.com.br\/blog\/?p=5364#primaryimage"},"image":{"@id":"https:\/\/ispmais.com.br\/blog\/?p=5364#primaryimage"},"thumbnailUrl":"https:\/\/ispmais.com.br\/blog\/wp-content\/uploads\/2021\/06\/anatel-estabelece-requisitos-tecnicos-operacionais-faixa-26-ghz-1.png","datePublished":"2021-06-02T11:57:14+00:00","author":{"@id":"https:\/\/ispmais.com.br\/blog\/#\/schema\/person\/2023c1dff35852622ecd24558fc9510d"},"description":"A Ag\u00eancia Nacional de Telecomunica\u00e7\u00f5es (Anatel) publicou, a aprova\u00e7\u00e3o dos requisitos t\u00e9cnicos e operacionais de condi\u00e7\u00f5es de uso da subfaixa 26 GHz","breadcrumb":{"@id":"https:\/\/ispmais.com.br\/blog\/?p=5364#breadcrumb"},"inLanguage":"pt-BR","potentialAction":[{"@type":"ReadAction","target":["https:\/\/ispmais.com.br\/blog\/?p=5364"]}]},{"@type":"ImageObject","inLanguage":"pt-BR","@id":"https:\/\/ispmais.com.br\/blog\/?p=5364#primaryimage","url":"https:\/\/ispmais.com.br\/blog\/wp-content\/uploads\/2021\/06\/anatel-estabelece-requisitos-tecnicos-operacionais-faixa-26-ghz-1.png","contentUrl":"https:\/\/ispmais.com.br\/blog\/wp-content\/uploads\/2021\/06\/anatel-estabelece-requisitos-tecnicos-operacionais-faixa-26-ghz-1.png","width":642,"height":500},{"@type":"BreadcrumbList","@id":"https:\/\/ispmais.com.br\/blog\/?p=5364#breadcrumb","itemListElement":[{"@type":"ListItem","position":1,"name":"Home","item":"https:\/\/ispmais.com.br\/blog\/"},{"@type":"ListItem","position":2,"name":"Anatel estabelece requisitos t\u00e9cnicos e operacionais da faixa de 26 Ghz"}]},{"@type":"WebSite","@id":"https:\/\/ispmais.com.br\/blog\/#website","url":"https:\/\/ispmais.com.br\/blog\/","name":"ISP Blog","description":"","potentialAction":[{"@type":"SearchAction","target":{"@type":"EntryPoint","urlTemplate":"https:\/\/ispmais.com.br\/blog\/?s={search_term_string}"},"query-input":{"@type":"PropertyValueSpecification","valueRequired":true,"valueName":"search_term_string"}}],"inLanguage":"pt-BR"},{"@type":"Person","@id":"https:\/\/ispmais.com.br\/blog\/#\/schema\/person\/2023c1dff35852622ecd24558fc9510d","name":"Fortram","image":{"@type":"ImageObject","inLanguage":"pt-BR","@id":"https:\/\/ispmais.com.br\/blog\/#\/schema\/person\/image\/","url":"https:\/\/secure.gravatar.com\/avatar\/79b185d16f6dfc083a429bb61bd828441848e5289b10b3da225f19bfa17734bb?s=96&d=mm&r=g","contentUrl":"https:\/\/secure.gravatar.com\/avatar\/79b185d16f6dfc083a429bb61bd828441848e5289b10b3da225f19bfa17734bb?s=96&d=mm&r=g","caption":"Fortram"},"sameAs":["https:\/\/fortram.site\/wordpress\/iesp\/blog"],"url":"https:\/\/ispmais.com.br\/blog\/?author=1"}]}},"_links":{"self":[{"href":"https:\/\/ispmais.com.br\/blog\/index.php?rest_route=\/wp\/v2\/posts\/5364","targetHints":{"allow":["GET"]}}],"collection":[{"href":"https:\/\/ispmais.com.br\/blog\/index.php?rest_route=\/wp\/v2\/posts"}],"about":[{"href":"https:\/\/ispmais.com.br\/blog\/index.php?rest_route=\/wp\/v2\/types\/post"}],"author":[{"embeddable":true,"href":"https:\/\/ispmais.com.br\/blog\/index.php?rest_route=\/wp\/v2\/users\/1"}],"replies":[{"embeddable":true,"href":"https:\/\/ispmais.com.br\/blog\/index.php?rest_route=%2Fwp%2Fv2%2Fcomments&post=5364"}],"version-history":[{"count":0,"href":"https:\/\/ispmais.com.br\/blog\/index.php?rest_route=\/wp\/v2\/posts\/5364\/revisions"}],"wp:featuredmedia":[{"embeddable":true,"href":"https:\/\/ispmais.com.br\/blog\/index.php?rest_route=\/wp\/v2\/media\/5366"}],"wp:attachment":[{"href":"https:\/\/ispmais.com.br\/blog\/index.php?rest_route=%2Fwp%2Fv2%2Fmedia&parent=5364"}],"wp:term":[{"taxonomy":"category","embeddable":true,"href":"https:\/\/ispmais.com.br\/blog\/index.php?rest_route=%2Fwp%2Fv2%2Fcategories&post=5364"},{"taxonomy":"post_tag","embeddable":true,"href":"https:\/\/ispmais.com.br\/blog\/index.php?rest_route=%2Fwp%2Fv2%2Ftags&post=5364"}],"curies":[{"name":"wp","href":"https:\/\/api.w.org\/{rel}","templated":true}]}}