{"id":6155,"date":"2022-05-26T08:00:00","date_gmt":"2022-05-26T11:00:00","guid":{"rendered":"https:\/\/www.ispblog.com.br\/?p=6155"},"modified":"2022-05-26T08:00:00","modified_gmt":"2022-05-26T11:00:00","slug":"camara-aprova-o-programa-internet-brasil","status":"publish","type":"post","link":"https:\/\/ispmais.com.br\/blog\/?p=6155","title":{"rendered":"C\u00e2mara Aprova o Programa Internet Brasil"},"content":{"rendered":"\n<figure class=\"wp-block-image size-large is-style-default\"><img loading=\"lazy\" decoding=\"async\" width=\"1024\" height=\"682\" src=\"https:\/\/www.ispblog.com.br\/wp-content\/uploads\/2022\/05\/Camara-Aprova-o-Programa-Internet-Brasil-1024x682.jpg\" alt=\"\" class=\"wp-image-6156\" srcset=\"https:\/\/ispmais.com.br\/blog\/wp-content\/uploads\/2022\/05\/Camara-Aprova-o-Programa-Internet-Brasil-1024x682.jpg 1024w, https:\/\/ispmais.com.br\/blog\/wp-content\/uploads\/2022\/05\/Camara-Aprova-o-Programa-Internet-Brasil-300x200.jpg 300w, https:\/\/ispmais.com.br\/blog\/wp-content\/uploads\/2022\/05\/Camara-Aprova-o-Programa-Internet-Brasil-768x512.jpg 768w, https:\/\/ispmais.com.br\/blog\/wp-content\/uploads\/2022\/05\/Camara-Aprova-o-Programa-Internet-Brasil-150x100.jpg 150w, https:\/\/ispmais.com.br\/blog\/wp-content\/uploads\/2022\/05\/Camara-Aprova-o-Programa-Internet-Brasil-696x464.jpg 696w, https:\/\/ispmais.com.br\/blog\/wp-content\/uploads\/2022\/05\/Camara-Aprova-o-Programa-Internet-Brasil-1068x712.jpg 1068w, https:\/\/ispmais.com.br\/blog\/wp-content\/uploads\/2022\/05\/Camara-Aprova-o-Programa-Internet-Brasil.jpg 1280w\" sizes=\"auto, (max-width: 1024px) 100vw, 1024px\" \/><\/figure>\n\n\n\n<p>Dia 19 de abril, ter\u00e7a-feira, o plen\u00e1rio da C\u00e2mara dos Deputados analisou e aprovou a&nbsp;<a href=\"https:\/\/legis.senado.leg.br\/sdleg-getter\/documento?dm=9050805&amp;ts=1650628812664&amp;disposition=inline\">Medida Provis\u00f3ria n.\u00ba 1.077, de 7 de dezembro de 2021<\/a>, que institui o programa Internet Brasil. Nesta ocasi\u00e3o, a medida foi&nbsp;<a href=\"https:\/\/legis.senado.leg.br\/sdleg-getter\/documento?dm=9134580&amp;ts=1650628812561&amp;disposition=inline\">aprovada pela C\u00e2mara com tr\u00eas emendas<\/a>&nbsp;e agora segue para aprecia\u00e7\u00e3o do Senado Federal.<\/p>\n\n\n\n<p>A medida prev\u00ea que o Minist\u00e9rio das Comunica\u00e7\u00f5es&nbsp;ser\u00e1 o respons\u00e1vel por sua implementa\u00e7\u00e3o e coordena\u00e7\u00e3o, que ainda poder\u00e1 se valer dos servi\u00e7os de organiza\u00e7\u00f5es da sociedade civil.&nbsp;A&nbsp;implanta\u00e7\u00e3o ocorrer\u00e1 de forma gradual, uma vez que depender\u00e1 da disponibilidade de recursos, dos requisitos t\u00e9cnicos para a oferta do servi\u00e7o e outras disposi\u00e7\u00f5es&nbsp;a serem&nbsp;estabelecidas pelo minist\u00e9rio.<\/p>\n\n\n\n<p>Deste modo o Governo Federal pretende, inicialmente, propiciar a amplia\u00e7\u00e3o do acesso \u00e0 internet a 22 milh\u00f5es de alunos e viabilizar o acesso a recursos educacionais dispon\u00edveis em plataformas online de ensino.<\/p>\n\n\n\n<p><strong><em>Sobre o programa<\/em><\/strong><\/p>\n\n\n\n<p>O programa Internet Brasil&nbsp;consiste em uma pol\u00edtica p\u00fablica com o intuito de promover o acesso gratuito \u00e0 internet banda larga m\u00f3vel aos alunos da educa\u00e7\u00e3o b\u00e1sica,&nbsp;integrantes de fam\u00edlias inscritas no Cadastro \u00danico para Programas Sociais do Governo Federal (Cad\u00danico),&nbsp;matriculados na rede p\u00fablica de ensino, nas escolas das comunidades ind\u00edgenas e quilombolas e nas escolas especiais sem fins lucrativos que atuam exclusivamente nessa modalidade.&nbsp;Ele prev\u00ea a distribui\u00e7\u00e3o de chips m\u00f3veis, pacotes de dados ou dispositivos de acesso aos benefici\u00e1rios.&nbsp;&nbsp;<\/p>\n\n\n\n<p>De acordo com o texto da medida provis\u00f3ria, os principais objetivos do programa s\u00e3o&nbsp;viabilizar aos alunos o acesso a recursos educacionais digitais,&nbsp;ampliar a participa\u00e7\u00e3o dos alunos em atividades pedag\u00f3gicas n\u00e3o presenciais, contribuir para a amplia\u00e7\u00e3o do acesso \u00e0 internet e para a inclus\u00e3o digital das fam\u00edlias dos alunos,&nbsp;bem como apoiar as pol\u00edticas p\u00fablicas que necessitem de acesso \u00e0 internet para a sua implementa\u00e7\u00e3o, inclu\u00eddas as a\u00e7\u00f5es digitais de Governo.<\/p>\n\n\n\n<p>Caso tenha d\u00favidas ou necessite de maiores informa\u00e7\u00f5es&nbsp;sobre este ou demais assuntos, contate nossa equipe jur\u00eddica. Estamos \u00e0 sua disposi\u00e7\u00e3o.<\/p>\n\n\n\n<p>Autora: <strong>Isabela Mesquita<br \/>Acesse tamb\u00e9m Solintel<\/strong><\/p>\n","protected":false},"excerpt":{"rendered":"<p>Dia 19 de abril, ter\u00e7a-feira, o plen\u00e1rio da C\u00e2mara dos Deputados analisou e aprovou a&nbsp;Medida Provis\u00f3ria n.\u00ba 1.077, de 7 de dezembro de 2021, que institui o programa Internet Brasil. Nesta ocasi\u00e3o, a medida foi&nbsp;aprovada pela C\u00e2mara com tr\u00eas emendas&nbsp;e agora segue para aprecia\u00e7\u00e3o do Senado Federal. A medida prev\u00ea que o Minist\u00e9rio das Comunica\u00e7\u00f5es&nbsp;ser\u00e1 [&hellip;]<\/p>\n","protected":false},"author":1,"featured_media":6156,"comment_status":"open","ping_status":"open","sticky":false,"template":"","format":"standard","meta":{"footnotes":""},"categories":[1],"tags":[],"class_list":{"0":"post-6155","1":"post","2":"type-post","3":"status-publish","4":"format-standard","5":"has-post-thumbnail","7":"category-sem-categoria"},"yoast_head":"<!-- This site is optimized with the Yoast SEO plugin v25.7 - https:\/\/yoast.com\/wordpress\/plugins\/seo\/ -->\n<title>C\u00e2mara Aprova o Programa Internet Brasil<\/title>\n<meta name=\"description\" content=\"o plen\u00e1rio da C\u00e2mara dos Deputados analisou e aprovou a\u00a0Medida Provis\u00f3ria n.\u00ba 1.077, de 7 de dezembro de 2021, que institui o programa Internet Brasil.\" \/>\n<meta name=\"robots\" content=\"index, follow, max-snippet:-1, max-image-preview:large, max-video-preview:-1\" \/>\n<link rel=\"canonical\" href=\"https:\/\/ispmais.com.br\/blog\/?p=6155\" \/>\n<meta property=\"og:locale\" content=\"pt_BR\" \/>\n<meta property=\"og:type\" content=\"article\" \/>\n<meta property=\"og:title\" content=\"C\u00e2mara Aprova o Programa Internet Brasil\" \/>\n<meta property=\"og:description\" content=\"o plen\u00e1rio da C\u00e2mara dos Deputados analisou e aprovou a\u00a0Medida Provis\u00f3ria n.\u00ba 1.077, de 7 de dezembro de 2021, que institui o programa Internet Brasil.\" \/>\n<meta property=\"og:url\" content=\"https:\/\/ispmais.com.br\/blog\/?p=6155\" \/>\n<meta property=\"og:site_name\" content=\"ISP Blog\" \/>\n<meta property=\"article:published_time\" content=\"2022-05-26T11:00:00+00:00\" \/>\n<meta property=\"og:image\" content=\"https:\/\/ispmais.com.br\/blog\/wp-content\/uploads\/2022\/05\/Camara-Aprova-o-Programa-Internet-Brasil.jpg\" \/>\n\t<meta property=\"og:image:width\" content=\"1280\" \/>\n\t<meta property=\"og:image:height\" content=\"853\" \/>\n\t<meta property=\"og:image:type\" content=\"image\/jpeg\" \/>\n<meta name=\"author\" content=\"Fortram\" \/>\n<meta name=\"twitter:card\" content=\"summary_large_image\" \/>\n<meta name=\"twitter:label1\" content=\"Escrito por\" \/>\n\t<meta name=\"twitter:data1\" content=\"Fortram\" \/>\n\t<meta name=\"twitter:label2\" content=\"Est. tempo de leitura\" \/>\n\t<meta name=\"twitter:data2\" content=\"2 minutos\" \/>\n<script type=\"application\/ld+json\" class=\"yoast-schema-graph\">{\"@context\":\"https:\/\/schema.org\",\"@graph\":[{\"@type\":\"WebPage\",\"@id\":\"https:\/\/ispmais.com.br\/blog\/?p=6155\",\"url\":\"https:\/\/ispmais.com.br\/blog\/?p=6155\",\"name\":\"C\u00e2mara Aprova o Programa Internet Brasil\",\"isPartOf\":{\"@id\":\"https:\/\/ispmais.com.br\/blog\/#website\"},\"primaryImageOfPage\":{\"@id\":\"https:\/\/ispmais.com.br\/blog\/?p=6155#primaryimage\"},\"image\":{\"@id\":\"https:\/\/ispmais.com.br\/blog\/?p=6155#primaryimage\"},\"thumbnailUrl\":\"https:\/\/ispmais.com.br\/blog\/wp-content\/uploads\/2022\/05\/Camara-Aprova-o-Programa-Internet-Brasil.jpg\",\"datePublished\":\"2022-05-26T11:00:00+00:00\",\"author\":{\"@id\":\"https:\/\/ispmais.com.br\/blog\/#\/schema\/person\/2023c1dff35852622ecd24558fc9510d\"},\"description\":\"o plen\u00e1rio da C\u00e2mara dos Deputados analisou e aprovou a\u00a0Medida Provis\u00f3ria n.\u00ba 1.077, de 7 de dezembro de 2021, que institui o programa Internet Brasil.\",\"breadcrumb\":{\"@id\":\"https:\/\/ispmais.com.br\/blog\/?p=6155#breadcrumb\"},\"inLanguage\":\"pt-BR\",\"potentialAction\":[{\"@type\":\"ReadAction\",\"target\":[\"https:\/\/ispmais.com.br\/blog\/?p=6155\"]}]},{\"@type\":\"ImageObject\",\"inLanguage\":\"pt-BR\",\"@id\":\"https:\/\/ispmais.com.br\/blog\/?p=6155#primaryimage\",\"url\":\"https:\/\/ispmais.com.br\/blog\/wp-content\/uploads\/2022\/05\/Camara-Aprova-o-Programa-Internet-Brasil.jpg\",\"contentUrl\":\"https:\/\/ispmais.com.br\/blog\/wp-content\/uploads\/2022\/05\/Camara-Aprova-o-Programa-Internet-Brasil.jpg\",\"width\":1280,\"height\":853,\"caption\":\"Camara Aprova o Programa Internet Brasil\"},{\"@type\":\"BreadcrumbList\",\"@id\":\"https:\/\/ispmais.com.br\/blog\/?p=6155#breadcrumb\",\"itemListElement\":[{\"@type\":\"ListItem\",\"position\":1,\"name\":\"Home\",\"item\":\"https:\/\/ispmais.com.br\/blog\/\"},{\"@type\":\"ListItem\",\"position\":2,\"name\":\"C\u00e2mara Aprova o Programa Internet Brasil\"}]},{\"@type\":\"WebSite\",\"@id\":\"https:\/\/ispmais.com.br\/blog\/#website\",\"url\":\"https:\/\/ispmais.com.br\/blog\/\",\"name\":\"ISP Blog\",\"description\":\"\",\"potentialAction\":[{\"@type\":\"SearchAction\",\"target\":{\"@type\":\"EntryPoint\",\"urlTemplate\":\"https:\/\/ispmais.com.br\/blog\/?s={search_term_string}\"},\"query-input\":{\"@type\":\"PropertyValueSpecification\",\"valueRequired\":true,\"valueName\":\"search_term_string\"}}],\"inLanguage\":\"pt-BR\"},{\"@type\":\"Person\",\"@id\":\"https:\/\/ispmais.com.br\/blog\/#\/schema\/person\/2023c1dff35852622ecd24558fc9510d\",\"name\":\"Fortram\",\"image\":{\"@type\":\"ImageObject\",\"inLanguage\":\"pt-BR\",\"@id\":\"https:\/\/ispmais.com.br\/blog\/#\/schema\/person\/image\/\",\"url\":\"https:\/\/secure.gravatar.com\/avatar\/79b185d16f6dfc083a429bb61bd828441848e5289b10b3da225f19bfa17734bb?s=96&d=mm&r=g\",\"contentUrl\":\"https:\/\/secure.gravatar.com\/avatar\/79b185d16f6dfc083a429bb61bd828441848e5289b10b3da225f19bfa17734bb?s=96&d=mm&r=g\",\"caption\":\"Fortram\"},\"sameAs\":[\"https:\/\/fortram.site\/wordpress\/iesp\/blog\"],\"url\":\"https:\/\/ispmais.com.br\/blog\/?author=1\"}]}<\/script>\n<!-- \/ Yoast SEO plugin. -->","yoast_head_json":{"title":"C\u00e2mara Aprova o Programa Internet Brasil","description":"o plen\u00e1rio da C\u00e2mara dos Deputados analisou e aprovou a\u00a0Medida Provis\u00f3ria n.\u00ba 1.077, de 7 de dezembro de 2021, que institui o programa Internet Brasil.","robots":{"index":"index","follow":"follow","max-snippet":"max-snippet:-1","max-image-preview":"max-image-preview:large","max-video-preview":"max-video-preview:-1"},"canonical":"https:\/\/ispmais.com.br\/blog\/?p=6155","og_locale":"pt_BR","og_type":"article","og_title":"C\u00e2mara Aprova o Programa Internet Brasil","og_description":"o plen\u00e1rio da C\u00e2mara dos Deputados analisou e aprovou a\u00a0Medida Provis\u00f3ria n.\u00ba 1.077, de 7 de dezembro de 2021, que institui o programa Internet Brasil.","og_url":"https:\/\/ispmais.com.br\/blog\/?p=6155","og_site_name":"ISP Blog","article_published_time":"2022-05-26T11:00:00+00:00","og_image":[{"width":1280,"height":853,"url":"https:\/\/ispmais.com.br\/blog\/wp-content\/uploads\/2022\/05\/Camara-Aprova-o-Programa-Internet-Brasil.jpg","type":"image\/jpeg"}],"author":"Fortram","twitter_card":"summary_large_image","twitter_misc":{"Escrito por":"Fortram","Est. tempo de leitura":"2 minutos"},"schema":{"@context":"https:\/\/schema.org","@graph":[{"@type":"WebPage","@id":"https:\/\/ispmais.com.br\/blog\/?p=6155","url":"https:\/\/ispmais.com.br\/blog\/?p=6155","name":"C\u00e2mara Aprova o Programa Internet Brasil","isPartOf":{"@id":"https:\/\/ispmais.com.br\/blog\/#website"},"primaryImageOfPage":{"@id":"https:\/\/ispmais.com.br\/blog\/?p=6155#primaryimage"},"image":{"@id":"https:\/\/ispmais.com.br\/blog\/?p=6155#primaryimage"},"thumbnailUrl":"https:\/\/ispmais.com.br\/blog\/wp-content\/uploads\/2022\/05\/Camara-Aprova-o-Programa-Internet-Brasil.jpg","datePublished":"2022-05-26T11:00:00+00:00","author":{"@id":"https:\/\/ispmais.com.br\/blog\/#\/schema\/person\/2023c1dff35852622ecd24558fc9510d"},"description":"o plen\u00e1rio da C\u00e2mara dos Deputados analisou e aprovou a\u00a0Medida Provis\u00f3ria n.\u00ba 1.077, de 7 de dezembro de 2021, que institui o programa Internet Brasil.","breadcrumb":{"@id":"https:\/\/ispmais.com.br\/blog\/?p=6155#breadcrumb"},"inLanguage":"pt-BR","potentialAction":[{"@type":"ReadAction","target":["https:\/\/ispmais.com.br\/blog\/?p=6155"]}]},{"@type":"ImageObject","inLanguage":"pt-BR","@id":"https:\/\/ispmais.com.br\/blog\/?p=6155#primaryimage","url":"https:\/\/ispmais.com.br\/blog\/wp-content\/uploads\/2022\/05\/Camara-Aprova-o-Programa-Internet-Brasil.jpg","contentUrl":"https:\/\/ispmais.com.br\/blog\/wp-content\/uploads\/2022\/05\/Camara-Aprova-o-Programa-Internet-Brasil.jpg","width":1280,"height":853,"caption":"Camara Aprova o Programa Internet Brasil"},{"@type":"BreadcrumbList","@id":"https:\/\/ispmais.com.br\/blog\/?p=6155#breadcrumb","itemListElement":[{"@type":"ListItem","position":1,"name":"Home","item":"https:\/\/ispmais.com.br\/blog\/"},{"@type":"ListItem","position":2,"name":"C\u00e2mara Aprova o Programa Internet Brasil"}]},{"@type":"WebSite","@id":"https:\/\/ispmais.com.br\/blog\/#website","url":"https:\/\/ispmais.com.br\/blog\/","name":"ISP Blog","description":"","potentialAction":[{"@type":"SearchAction","target":{"@type":"EntryPoint","urlTemplate":"https:\/\/ispmais.com.br\/blog\/?s={search_term_string}"},"query-input":{"@type":"PropertyValueSpecification","valueRequired":true,"valueName":"search_term_string"}}],"inLanguage":"pt-BR"},{"@type":"Person","@id":"https:\/\/ispmais.com.br\/blog\/#\/schema\/person\/2023c1dff35852622ecd24558fc9510d","name":"Fortram","image":{"@type":"ImageObject","inLanguage":"pt-BR","@id":"https:\/\/ispmais.com.br\/blog\/#\/schema\/person\/image\/","url":"https:\/\/secure.gravatar.com\/avatar\/79b185d16f6dfc083a429bb61bd828441848e5289b10b3da225f19bfa17734bb?s=96&d=mm&r=g","contentUrl":"https:\/\/secure.gravatar.com\/avatar\/79b185d16f6dfc083a429bb61bd828441848e5289b10b3da225f19bfa17734bb?s=96&d=mm&r=g","caption":"Fortram"},"sameAs":["https:\/\/fortram.site\/wordpress\/iesp\/blog"],"url":"https:\/\/ispmais.com.br\/blog\/?author=1"}]}},"_links":{"self":[{"href":"https:\/\/ispmais.com.br\/blog\/index.php?rest_route=\/wp\/v2\/posts\/6155","targetHints":{"allow":["GET"]}}],"collection":[{"href":"https:\/\/ispmais.com.br\/blog\/index.php?rest_route=\/wp\/v2\/posts"}],"about":[{"href":"https:\/\/ispmais.com.br\/blog\/index.php?rest_route=\/wp\/v2\/types\/post"}],"author":[{"embeddable":true,"href":"https:\/\/ispmais.com.br\/blog\/index.php?rest_route=\/wp\/v2\/users\/1"}],"replies":[{"embeddable":true,"href":"https:\/\/ispmais.com.br\/blog\/index.php?rest_route=%2Fwp%2Fv2%2Fcomments&post=6155"}],"version-history":[{"count":0,"href":"https:\/\/ispmais.com.br\/blog\/index.php?rest_route=\/wp\/v2\/posts\/6155\/revisions"}],"wp:featuredmedia":[{"embeddable":true,"href":"https:\/\/ispmais.com.br\/blog\/index.php?rest_route=\/wp\/v2\/media\/6156"}],"wp:attachment":[{"href":"https:\/\/ispmais.com.br\/blog\/index.php?rest_route=%2Fwp%2Fv2%2Fmedia&parent=6155"}],"wp:term":[{"taxonomy":"category","embeddable":true,"href":"https:\/\/ispmais.com.br\/blog\/index.php?rest_route=%2Fwp%2Fv2%2Fcategories&post=6155"},{"taxonomy":"post_tag","embeddable":true,"href":"https:\/\/ispmais.com.br\/blog\/index.php?rest_route=%2Fwp%2Fv2%2Ftags&post=6155"}],"curies":[{"name":"wp","href":"https:\/\/api.w.org\/{rel}","templated":true}]}}