{"id":6219,"date":"2022-06-10T14:10:00","date_gmt":"2022-06-10T17:10:00","guid":{"rendered":"https:\/\/www.ispblog.com.br\/?p=6219"},"modified":"2022-06-10T14:10:00","modified_gmt":"2022-06-10T17:10:00","slug":"municipio-de-sao-paulo-aprova-lei-para-implantacao-de-antenas-para-viabilizar-5g","status":"publish","type":"post","link":"https:\/\/ispmais.com.br\/blog\/?p=6219","title":{"rendered":"Munic\u00edpio de S\u00e3o Paulo Aprova Lei para Implanta\u00e7\u00e3o de Antenas para Viabilizar 5G"},"content":{"rendered":"\n<figure class=\"wp-block-image size-full is-style-default\"><img loading=\"lazy\" decoding=\"async\" width=\"640\" height=\"427\" src=\"https:\/\/www.ispblog.com.br\/wp-content\/uploads\/2022\/06\/Municipio-de-Sao-Paulo-Aprova-Lei-para-Implantacao-de-Antenas-para-Viabilizar-5G.jpg\" alt=\"Munic\u00edpio de S\u00e3o Paulo Aprova Lei para Implanta\u00e7\u00e3o de Antenas para Viabilizar 5G\" class=\"wp-image-6221\" srcset=\"https:\/\/ispmais.com.br\/blog\/wp-content\/uploads\/2022\/06\/Municipio-de-Sao-Paulo-Aprova-Lei-para-Implantacao-de-Antenas-para-Viabilizar-5G.jpg 640w, https:\/\/ispmais.com.br\/blog\/wp-content\/uploads\/2022\/06\/Municipio-de-Sao-Paulo-Aprova-Lei-para-Implantacao-de-Antenas-para-Viabilizar-5G-300x200.jpg 300w, https:\/\/ispmais.com.br\/blog\/wp-content\/uploads\/2022\/06\/Municipio-de-Sao-Paulo-Aprova-Lei-para-Implantacao-de-Antenas-para-Viabilizar-5G-150x100.jpg 150w\" sizes=\"auto, (max-width: 640px) 100vw, 640px\" \/><\/figure>\n\n\n\n<p>No dia 10\/03\/2022 foi sancionada pela Prefeitura de S\u00e3o Paulo a Lei n. 17.733\/22 com o objetivo de regular o licenciamento de antenas na capital. A lei foi pensada para que o processo de aprova\u00e7\u00e3o e instala\u00e7\u00e3o das antenas seja mais \u00e1gil e menos burocratizado, j\u00e1 que a nova tecnologia 5G exige dez vezes mais antenas que a tecnologia 4G.<br \/><br \/>Destaca-se da Lei que o prazo de emiss\u00e3o de alvar\u00e1s (para a instala\u00e7\u00e3o das antenas) n\u00e3o poder\u00e1 superar 60 dias da data do requerimento (ou 180 dias, caso declarado complexo pelo Executivo). Em caso de n\u00e3o cumprimento do prazo pela Administra\u00e7\u00e3o P\u00fablica, a lei prev\u00ea a ocorr\u00eancia do chamado sil\u00eancio positivo (par\u00e1grafo 3\u00ba, art. 6\u00ba). Se a Administra\u00e7\u00e3o n\u00e3o reprovar o requerimento da empresa dentro do prazo legal, a empresa poder\u00e1 iniciar a instala\u00e7\u00e3o das antenas.<br \/><\/p>\n\n\n\n<p>A lei ainda dispensa o licenciamento para instala\u00e7\u00e3o de mini ERBs e ERBs m\u00f3veis, sendo necess\u00e1rio apenas o cadastramento eletr\u00f4nico (inclusive para postes multifuncionais de at\u00e9 25 metros). E foi prevista a possibilidade de instala\u00e7\u00e3o de ERBs em im\u00f3veis irregulares &#8211; caso asseguradas as condi\u00e7\u00f5es de seguran\u00e7a &#8211; e em qualquer logradouro, independente da largura da via. E mais, a lei ainda previu a possibilidade de instala\u00e7\u00e3o da antena em im\u00f3veis tombados, a partir da pr\u00e9via anu\u00eancia dos \u00f3rg\u00e3os de preserva\u00e7\u00e3o competentes.<br \/><\/p>\n\n\n\n<p>A lei ainda conferiu incentivos e condi\u00e7\u00f5es diferenciadas para o licenciamento de antenas em bairros perif\u00e9ricos, j\u00e1 tendo sido publicados pela Prefeitura termos de ades\u00e3o individuais com a TIM, Claro e Vivo. Tais acordos devem viabilizar 286 ERBs na periferia da cidade de S\u00e3o Paulo.<br \/><\/p>\n\n\n\n<p>Diante da nova lei todos os pedidos de licenciamento e regulariza\u00e7\u00e3o, em andamento, ser\u00e3o encerrados. As empresas dever\u00e3o reiniciar o processo de ajuste dentro de 180 dias.<br \/>Por outro lado, as mini ERBs e ERBs m\u00f3veis, regularmente instaladas at\u00e9 o vigoramento da Lei, permanecer\u00e3o regulares at\u00e9 o t\u00e9rmino de validade dos seus respectivos cadastros.<br \/>Muito embora algumas defini\u00e7\u00f5es trazidas pela Lei tenham sido questionadas o saldo geral \u00e9 considerado positivo.<\/p>\n\n\n\n<p><br \/>Autora: Karyne Emannuelle Braga<br \/>Consultora e Advogada da Silva Vitor, Faria &amp; Ribeiro \u2013 <a href=\"http:\/\/silvavitor.com.br\/\" target=\"_blank\" rel=\"noreferrer noopener\">Advogados Associados<\/a><\/p>\n\n\n\n<p><\/p>\n\n\n\n<p>Veja tamb\u00e9m: <a href=\"https:\/\/www.ispblog.com.br\/2022\/06\/03\/anatel-analisa-prazo-adicional-para-inicio-da-tecnologia-do-5g-nas-capitais\/\" target=\"_blank\" rel=\"noreferrer noopener\">ANATEL Analisa Prazo Adicional para In\u00edcio da Tecnologia do 5G nas Capitais<\/a><\/p>\n\n\n\n<p><\/p>\n","protected":false},"excerpt":{"rendered":"<p>No dia 10\/03\/2022 foi sancionada pela Prefeitura de S\u00e3o Paulo a Lei n. 17.733\/22 com o objetivo de regular o licenciamento de antenas na capital. A lei foi pensada para que o processo de aprova\u00e7\u00e3o e instala\u00e7\u00e3o das antenas seja mais \u00e1gil e menos burocratizado, j\u00e1 que a nova tecnologia 5G exige dez vezes mais [&hellip;]<\/p>\n","protected":false},"author":1,"featured_media":6221,"comment_status":"open","ping_status":"open","sticky":false,"template":"","format":"standard","meta":{"footnotes":""},"categories":[1],"tags":[],"class_list":{"0":"post-6219","1":"post","2":"type-post","3":"status-publish","4":"format-standard","5":"has-post-thumbnail","7":"category-sem-categoria"},"yoast_head":"<!-- This site is optimized with the Yoast SEO plugin v25.7 - https:\/\/yoast.com\/wordpress\/plugins\/seo\/ -->\n<title>Munic\u00edpio de S\u00e3o Paula Aprova Lei para Implanta\u00e7\u00e3o de Antenas para Viabilizar 5G<\/title>\n<meta name=\"description\" content=\"Se a Administra\u00e7\u00e3o n\u00e3o reprovar o requerimento da empresa dentro do prazo legal, a empresa poder\u00e1 iniciar a instala\u00e7\u00e3o das antenas.\" \/>\n<meta name=\"robots\" content=\"index, follow, max-snippet:-1, max-image-preview:large, max-video-preview:-1\" \/>\n<link rel=\"canonical\" href=\"https:\/\/ispmais.com.br\/blog\/?p=6219\" \/>\n<meta property=\"og:locale\" content=\"pt_BR\" \/>\n<meta property=\"og:type\" content=\"article\" \/>\n<meta property=\"og:title\" content=\"Munic\u00edpio de S\u00e3o Paula Aprova Lei para Implanta\u00e7\u00e3o de Antenas para Viabilizar 5G\" \/>\n<meta property=\"og:description\" content=\"Se a Administra\u00e7\u00e3o n\u00e3o reprovar o requerimento da empresa dentro do prazo legal, a empresa poder\u00e1 iniciar a instala\u00e7\u00e3o das antenas.\" \/>\n<meta property=\"og:url\" content=\"https:\/\/ispmais.com.br\/blog\/?p=6219\" \/>\n<meta property=\"og:site_name\" content=\"ISP Blog\" \/>\n<meta property=\"article:published_time\" content=\"2022-06-10T17:10:00+00:00\" \/>\n<meta property=\"og:image\" content=\"https:\/\/ispmais.com.br\/blog\/wp-content\/uploads\/2022\/06\/Municipio-de-Sao-Paulo-Aprova-Lei-para-Implantacao-de-Antenas-para-Viabilizar-5G.jpg\" \/>\n\t<meta property=\"og:image:width\" content=\"640\" \/>\n\t<meta property=\"og:image:height\" content=\"427\" \/>\n\t<meta property=\"og:image:type\" content=\"image\/jpeg\" \/>\n<meta name=\"author\" content=\"Fortram\" \/>\n<meta name=\"twitter:card\" content=\"summary_large_image\" \/>\n<meta name=\"twitter:label1\" content=\"Escrito por\" \/>\n\t<meta name=\"twitter:data1\" content=\"Fortram\" \/>\n\t<meta name=\"twitter:label2\" content=\"Est. tempo de leitura\" \/>\n\t<meta name=\"twitter:data2\" content=\"2 minutos\" \/>\n<script type=\"application\/ld+json\" class=\"yoast-schema-graph\">{\"@context\":\"https:\/\/schema.org\",\"@graph\":[{\"@type\":\"WebPage\",\"@id\":\"https:\/\/ispmais.com.br\/blog\/?p=6219\",\"url\":\"https:\/\/ispmais.com.br\/blog\/?p=6219\",\"name\":\"Munic\u00edpio de S\u00e3o Paula Aprova Lei para Implanta\u00e7\u00e3o de Antenas para Viabilizar 5G\",\"isPartOf\":{\"@id\":\"https:\/\/ispmais.com.br\/blog\/#website\"},\"primaryImageOfPage\":{\"@id\":\"https:\/\/ispmais.com.br\/blog\/?p=6219#primaryimage\"},\"image\":{\"@id\":\"https:\/\/ispmais.com.br\/blog\/?p=6219#primaryimage\"},\"thumbnailUrl\":\"https:\/\/ispmais.com.br\/blog\/wp-content\/uploads\/2022\/06\/Municipio-de-Sao-Paulo-Aprova-Lei-para-Implantacao-de-Antenas-para-Viabilizar-5G.jpg\",\"datePublished\":\"2022-06-10T17:10:00+00:00\",\"author\":{\"@id\":\"https:\/\/ispmais.com.br\/blog\/#\/schema\/person\/2023c1dff35852622ecd24558fc9510d\"},\"description\":\"Se a Administra\u00e7\u00e3o n\u00e3o reprovar o requerimento da empresa dentro do prazo legal, a empresa poder\u00e1 iniciar a instala\u00e7\u00e3o das antenas.\",\"breadcrumb\":{\"@id\":\"https:\/\/ispmais.com.br\/blog\/?p=6219#breadcrumb\"},\"inLanguage\":\"pt-BR\",\"potentialAction\":[{\"@type\":\"ReadAction\",\"target\":[\"https:\/\/ispmais.com.br\/blog\/?p=6219\"]}]},{\"@type\":\"ImageObject\",\"inLanguage\":\"pt-BR\",\"@id\":\"https:\/\/ispmais.com.br\/blog\/?p=6219#primaryimage\",\"url\":\"https:\/\/ispmais.com.br\/blog\/wp-content\/uploads\/2022\/06\/Municipio-de-Sao-Paulo-Aprova-Lei-para-Implantacao-de-Antenas-para-Viabilizar-5G.jpg\",\"contentUrl\":\"https:\/\/ispmais.com.br\/blog\/wp-content\/uploads\/2022\/06\/Municipio-de-Sao-Paulo-Aprova-Lei-para-Implantacao-de-Antenas-para-Viabilizar-5G.jpg\",\"width\":640,\"height\":427,\"caption\":\"Munic\u00edpio de S\u00e3o Paulo Aprova Lei para Implanta\u00e7\u00e3o de Antenas para Viabilizar 5G\"},{\"@type\":\"BreadcrumbList\",\"@id\":\"https:\/\/ispmais.com.br\/blog\/?p=6219#breadcrumb\",\"itemListElement\":[{\"@type\":\"ListItem\",\"position\":1,\"name\":\"Home\",\"item\":\"https:\/\/ispmais.com.br\/blog\/\"},{\"@type\":\"ListItem\",\"position\":2,\"name\":\"Munic\u00edpio de S\u00e3o Paulo Aprova Lei para Implanta\u00e7\u00e3o de Antenas para Viabilizar 5G\"}]},{\"@type\":\"WebSite\",\"@id\":\"https:\/\/ispmais.com.br\/blog\/#website\",\"url\":\"https:\/\/ispmais.com.br\/blog\/\",\"name\":\"ISP Blog\",\"description\":\"\",\"potentialAction\":[{\"@type\":\"SearchAction\",\"target\":{\"@type\":\"EntryPoint\",\"urlTemplate\":\"https:\/\/ispmais.com.br\/blog\/?s={search_term_string}\"},\"query-input\":{\"@type\":\"PropertyValueSpecification\",\"valueRequired\":true,\"valueName\":\"search_term_string\"}}],\"inLanguage\":\"pt-BR\"},{\"@type\":\"Person\",\"@id\":\"https:\/\/ispmais.com.br\/blog\/#\/schema\/person\/2023c1dff35852622ecd24558fc9510d\",\"name\":\"Fortram\",\"image\":{\"@type\":\"ImageObject\",\"inLanguage\":\"pt-BR\",\"@id\":\"https:\/\/ispmais.com.br\/blog\/#\/schema\/person\/image\/\",\"url\":\"https:\/\/secure.gravatar.com\/avatar\/79b185d16f6dfc083a429bb61bd828441848e5289b10b3da225f19bfa17734bb?s=96&d=mm&r=g\",\"contentUrl\":\"https:\/\/secure.gravatar.com\/avatar\/79b185d16f6dfc083a429bb61bd828441848e5289b10b3da225f19bfa17734bb?s=96&d=mm&r=g\",\"caption\":\"Fortram\"},\"sameAs\":[\"https:\/\/fortram.site\/wordpress\/iesp\/blog\"],\"url\":\"https:\/\/ispmais.com.br\/blog\/?author=1\"}]}<\/script>\n<!-- \/ Yoast SEO plugin. -->","yoast_head_json":{"title":"Munic\u00edpio de S\u00e3o Paula Aprova Lei para Implanta\u00e7\u00e3o de Antenas para Viabilizar 5G","description":"Se a Administra\u00e7\u00e3o n\u00e3o reprovar o requerimento da empresa dentro do prazo legal, a empresa poder\u00e1 iniciar a instala\u00e7\u00e3o das antenas.","robots":{"index":"index","follow":"follow","max-snippet":"max-snippet:-1","max-image-preview":"max-image-preview:large","max-video-preview":"max-video-preview:-1"},"canonical":"https:\/\/ispmais.com.br\/blog\/?p=6219","og_locale":"pt_BR","og_type":"article","og_title":"Munic\u00edpio de S\u00e3o Paula Aprova Lei para Implanta\u00e7\u00e3o de Antenas para Viabilizar 5G","og_description":"Se a Administra\u00e7\u00e3o n\u00e3o reprovar o requerimento da empresa dentro do prazo legal, a empresa poder\u00e1 iniciar a instala\u00e7\u00e3o das antenas.","og_url":"https:\/\/ispmais.com.br\/blog\/?p=6219","og_site_name":"ISP Blog","article_published_time":"2022-06-10T17:10:00+00:00","og_image":[{"width":640,"height":427,"url":"https:\/\/ispmais.com.br\/blog\/wp-content\/uploads\/2022\/06\/Municipio-de-Sao-Paulo-Aprova-Lei-para-Implantacao-de-Antenas-para-Viabilizar-5G.jpg","type":"image\/jpeg"}],"author":"Fortram","twitter_card":"summary_large_image","twitter_misc":{"Escrito por":"Fortram","Est. tempo de leitura":"2 minutos"},"schema":{"@context":"https:\/\/schema.org","@graph":[{"@type":"WebPage","@id":"https:\/\/ispmais.com.br\/blog\/?p=6219","url":"https:\/\/ispmais.com.br\/blog\/?p=6219","name":"Munic\u00edpio de S\u00e3o Paula Aprova Lei para Implanta\u00e7\u00e3o de Antenas para Viabilizar 5G","isPartOf":{"@id":"https:\/\/ispmais.com.br\/blog\/#website"},"primaryImageOfPage":{"@id":"https:\/\/ispmais.com.br\/blog\/?p=6219#primaryimage"},"image":{"@id":"https:\/\/ispmais.com.br\/blog\/?p=6219#primaryimage"},"thumbnailUrl":"https:\/\/ispmais.com.br\/blog\/wp-content\/uploads\/2022\/06\/Municipio-de-Sao-Paulo-Aprova-Lei-para-Implantacao-de-Antenas-para-Viabilizar-5G.jpg","datePublished":"2022-06-10T17:10:00+00:00","author":{"@id":"https:\/\/ispmais.com.br\/blog\/#\/schema\/person\/2023c1dff35852622ecd24558fc9510d"},"description":"Se a Administra\u00e7\u00e3o n\u00e3o reprovar o requerimento da empresa dentro do prazo legal, a empresa poder\u00e1 iniciar a instala\u00e7\u00e3o das antenas.","breadcrumb":{"@id":"https:\/\/ispmais.com.br\/blog\/?p=6219#breadcrumb"},"inLanguage":"pt-BR","potentialAction":[{"@type":"ReadAction","target":["https:\/\/ispmais.com.br\/blog\/?p=6219"]}]},{"@type":"ImageObject","inLanguage":"pt-BR","@id":"https:\/\/ispmais.com.br\/blog\/?p=6219#primaryimage","url":"https:\/\/ispmais.com.br\/blog\/wp-content\/uploads\/2022\/06\/Municipio-de-Sao-Paulo-Aprova-Lei-para-Implantacao-de-Antenas-para-Viabilizar-5G.jpg","contentUrl":"https:\/\/ispmais.com.br\/blog\/wp-content\/uploads\/2022\/06\/Municipio-de-Sao-Paulo-Aprova-Lei-para-Implantacao-de-Antenas-para-Viabilizar-5G.jpg","width":640,"height":427,"caption":"Munic\u00edpio de S\u00e3o Paulo Aprova Lei para Implanta\u00e7\u00e3o de Antenas para Viabilizar 5G"},{"@type":"BreadcrumbList","@id":"https:\/\/ispmais.com.br\/blog\/?p=6219#breadcrumb","itemListElement":[{"@type":"ListItem","position":1,"name":"Home","item":"https:\/\/ispmais.com.br\/blog\/"},{"@type":"ListItem","position":2,"name":"Munic\u00edpio de S\u00e3o Paulo Aprova Lei para Implanta\u00e7\u00e3o de Antenas para Viabilizar 5G"}]},{"@type":"WebSite","@id":"https:\/\/ispmais.com.br\/blog\/#website","url":"https:\/\/ispmais.com.br\/blog\/","name":"ISP Blog","description":"","potentialAction":[{"@type":"SearchAction","target":{"@type":"EntryPoint","urlTemplate":"https:\/\/ispmais.com.br\/blog\/?s={search_term_string}"},"query-input":{"@type":"PropertyValueSpecification","valueRequired":true,"valueName":"search_term_string"}}],"inLanguage":"pt-BR"},{"@type":"Person","@id":"https:\/\/ispmais.com.br\/blog\/#\/schema\/person\/2023c1dff35852622ecd24558fc9510d","name":"Fortram","image":{"@type":"ImageObject","inLanguage":"pt-BR","@id":"https:\/\/ispmais.com.br\/blog\/#\/schema\/person\/image\/","url":"https:\/\/secure.gravatar.com\/avatar\/79b185d16f6dfc083a429bb61bd828441848e5289b10b3da225f19bfa17734bb?s=96&d=mm&r=g","contentUrl":"https:\/\/secure.gravatar.com\/avatar\/79b185d16f6dfc083a429bb61bd828441848e5289b10b3da225f19bfa17734bb?s=96&d=mm&r=g","caption":"Fortram"},"sameAs":["https:\/\/fortram.site\/wordpress\/iesp\/blog"],"url":"https:\/\/ispmais.com.br\/blog\/?author=1"}]}},"_links":{"self":[{"href":"https:\/\/ispmais.com.br\/blog\/index.php?rest_route=\/wp\/v2\/posts\/6219","targetHints":{"allow":["GET"]}}],"collection":[{"href":"https:\/\/ispmais.com.br\/blog\/index.php?rest_route=\/wp\/v2\/posts"}],"about":[{"href":"https:\/\/ispmais.com.br\/blog\/index.php?rest_route=\/wp\/v2\/types\/post"}],"author":[{"embeddable":true,"href":"https:\/\/ispmais.com.br\/blog\/index.php?rest_route=\/wp\/v2\/users\/1"}],"replies":[{"embeddable":true,"href":"https:\/\/ispmais.com.br\/blog\/index.php?rest_route=%2Fwp%2Fv2%2Fcomments&post=6219"}],"version-history":[{"count":0,"href":"https:\/\/ispmais.com.br\/blog\/index.php?rest_route=\/wp\/v2\/posts\/6219\/revisions"}],"wp:featuredmedia":[{"embeddable":true,"href":"https:\/\/ispmais.com.br\/blog\/index.php?rest_route=\/wp\/v2\/media\/6221"}],"wp:attachment":[{"href":"https:\/\/ispmais.com.br\/blog\/index.php?rest_route=%2Fwp%2Fv2%2Fmedia&parent=6219"}],"wp:term":[{"taxonomy":"category","embeddable":true,"href":"https:\/\/ispmais.com.br\/blog\/index.php?rest_route=%2Fwp%2Fv2%2Fcategories&post=6219"},{"taxonomy":"post_tag","embeddable":true,"href":"https:\/\/ispmais.com.br\/blog\/index.php?rest_route=%2Fwp%2Fv2%2Ftags&post=6219"}],"curies":[{"name":"wp","href":"https:\/\/api.w.org\/{rel}","templated":true}]}}