{"id":6308,"date":"2022-08-02T08:00:00","date_gmt":"2022-08-02T11:00:00","guid":{"rendered":"https:\/\/www.ispblog.com.br\/?p=6308"},"modified":"2022-08-02T08:00:00","modified_gmt":"2022-08-02T11:00:00","slug":"obrigatoriedade-de-guarda-de-dados-pelo-provedor-de-internet","status":"publish","type":"post","link":"https:\/\/ispmais.com.br\/blog\/?p=6308","title":{"rendered":"Como Funciona a Obrigatoriedade de Guarda de Dados Pelo Provedor de Conex\u00e3o \u00e0 Internet?"},"content":{"rendered":"\n<figure class=\"wp-block-image size-full is-resized is-style-default\"><img loading=\"lazy\" decoding=\"async\" src=\"https:\/\/www.ispblog.com.br\/wp-content\/uploads\/2022\/07\/guarda-de-dados-pelo-provedor-de-internet.jpg\" alt=\"\" class=\"wp-image-6309\" width=\"495\" height=\"329\" srcset=\"https:\/\/ispmais.com.br\/blog\/wp-content\/uploads\/2022\/07\/guarda-de-dados-pelo-provedor-de-internet.jpg 640w, https:\/\/ispmais.com.br\/blog\/wp-content\/uploads\/2022\/07\/guarda-de-dados-pelo-provedor-de-internet-300x199.jpg 300w, https:\/\/ispmais.com.br\/blog\/wp-content\/uploads\/2022\/07\/guarda-de-dados-pelo-provedor-de-internet-150x100.jpg 150w\" sizes=\"auto, (max-width: 495px) 100vw, 495px\" \/><\/figure>\n\n\n\n<p>O provedor de conex\u00e3o \u00e0 internet encontra disposi\u00e7\u00e3o na Lei do Marco Civil da Internet, podendo ser definido como aquele que prov\u00ea a conex\u00e3o \u00e0 internet, colocando-se \u00e0 disposi\u00e7\u00e3o do usu\u00e1rio. Dessa forma, a Lei traz as defini\u00e7\u00f5es, mas tamb\u00e9m exp\u00f5e as obriga\u00e7\u00f5es legais do provedor, dentre elas, a obrigatoriedade de armazenamento de dados.<\/p>\n\n\n\n<p>Contudo, antes de abordarmos as obriga\u00e7\u00f5es, em si, \u00e9 importante destacar que o Marco Civil da Internet estabelece princ\u00edpios, garantias, direitos e deveres para o uso da internet no Brasil e determina as diretrizes para atua\u00e7\u00e3o da Uni\u00e3o, dos Estados, do Distrito Federal e dos Munic\u00edpios em rela\u00e7\u00e3o \u00e0 mat\u00e9ria. Assim, \u00e9 not\u00f3rio sua aplica\u00e7\u00e3o tamb\u00e9m para os pequenos provedores de internet, os quais est\u00e3o sujeitos \u00e0 sua tutela e, portanto, tamb\u00e9m precisam cumprir as previs\u00f5es dispostas na Lei.<\/p>\n\n\n\n<p>Dessa forma, a legisla\u00e7\u00e3o entende que o provedor de conex\u00e3o \u00e0 internet deve manter os registros de conex\u00e3o, sob sigilo, em ambiente controlado e de seguran\u00e7a, pelo prazo de 1 (um) ano. Entretanto, esse prazo pode ser maior, desde que haja requerimento da Autoridade policial ou administrativa ou do Minist\u00e9rio P\u00fablico, os quais, posteriormente, ter\u00e3o o prazo de 60 (sessenta) dias, contados a partir do requerimento, para ingressar com o pedido de autoriza\u00e7\u00e3o judicial de acesso aos registros.<\/p>\n\n\n\n<p>Al\u00e9m disso, em fun\u00e7\u00e3o da preserva\u00e7\u00e3o da intimidade, da vida privada, da honra e da imagem das partes direta ou indiretamente envolvidas, esses dados somente ser\u00e3o fornecidos mediante requisi\u00e7\u00e3o de pessoa autorizada pela Lei. Dessa forma, o acesso aos dados cadastrais (como qualifica\u00e7\u00e3o pessoal, filia\u00e7\u00e3o e endere\u00e7o) podem ser requeridos e acessados pelas autoridades administrativas que detenham compet\u00eancia legal para a sua requisi\u00e7\u00e3o, tais como a Pol\u00edcia Civil.<\/p>\n\n\n\n<p>Dito isso, \u00e9 importante destacar que alguns cuidados devem ser observados quanto ao fornecimento desses dados, tais como a confer\u00eancia da veracidade da requisi\u00e7\u00e3o e a origem do documento, a fim de aferir se o solicitante possui poderes legais para fazer a requisi\u00e7\u00e3o. Por fim, os dados tamb\u00e9m podem ser fornecidos por ordem judicial, mediante requisi\u00e7\u00e3o da parte, com o prop\u00f3sito de formar conjunto probat\u00f3rio em processo judicial c\u00edvel ou penal.<\/p>\n\n\n\n<p>No mais, em fun\u00e7\u00e3o do Marco Civil da Internet e da Lei Geral de Prote\u00e7\u00e3o de Dados Pessoais, os dados pessoais fornecidos devem ser aqueles estritamente necess\u00e1rios e adequados \u00e0 finalidade pretendida, dessa forma, havendo qualquer d\u00favida quanto ao fornecimento, \u00e9 aconselh\u00e1vel a orienta\u00e7\u00e3o de um advogado(a).<\/p>\n\n\n\n<p>Acesse tamb\u00e9m: <a href=\"https:\/\/www.ispblog.com.br\/2022\/07\/12\/o-desafio-nas-transacoes-dos-isps\/\" target=\"_blank\" rel=\"noreferrer noopener\">O Desafio nas Transa\u00e7\u00f5es dos ISPs <\/a><\/p>\n\n\n\n<p>Autor: Dra. Anna Gardemann, Dra. Larissa Guidorizi de Barros e Dra. Mariana Vidotti que juntas comp\u00f5em o corpo de Advogados da Gardemann &amp; Vidotti Advogados Associados<\/p>\n","protected":false},"excerpt":{"rendered":"<p>O provedor de conex\u00e3o \u00e0 internet encontra disposi\u00e7\u00e3o na Lei do Marco Civil da Internet, podendo ser definido como aquele que prov\u00ea a conex\u00e3o \u00e0 internet, colocando-se \u00e0 disposi\u00e7\u00e3o do usu\u00e1rio. Dessa forma, a Lei traz as defini\u00e7\u00f5es, mas tamb\u00e9m exp\u00f5e as obriga\u00e7\u00f5es legais do provedor, dentre elas, a obrigatoriedade de armazenamento de dados. Contudo, [&hellip;]<\/p>\n","protected":false},"author":1,"featured_media":6309,"comment_status":"open","ping_status":"open","sticky":false,"template":"","format":"standard","meta":{"footnotes":""},"categories":[1],"tags":[],"class_list":{"0":"post-6308","1":"post","2":"type-post","3":"status-publish","4":"format-standard","5":"has-post-thumbnail","7":"category-sem-categoria"},"yoast_head":"<!-- This site is optimized with the Yoast SEO plugin v25.7 - https:\/\/yoast.com\/wordpress\/plugins\/seo\/ -->\n<title>Como Funciona a Obrigatoriedade de Guarda de Dados Pelo Provedor de Conex\u00e3o a Internet<\/title>\n<meta name=\"description\" content=\"Uma das obriga\u00e7\u00f5es do provedor \u00e9 o armazenamento de dados, sendo que o provedor de conex\u00e3o a internet encontra disposi\u00e7\u00e3o na Lei do Marco Civil da Internet\" \/>\n<meta name=\"robots\" content=\"index, follow, max-snippet:-1, max-image-preview:large, max-video-preview:-1\" \/>\n<link rel=\"canonical\" href=\"https:\/\/ispmais.com.br\/blog\/?p=6308\" \/>\n<meta property=\"og:locale\" content=\"pt_BR\" \/>\n<meta property=\"og:type\" content=\"article\" \/>\n<meta property=\"og:title\" content=\"Como Funciona a Obrigatoriedade de Guarda de Dados Pelo Provedor de Conex\u00e3o a Internet\" \/>\n<meta property=\"og:description\" content=\"Uma das obriga\u00e7\u00f5es do provedor \u00e9 o armazenamento de dados, sendo que o provedor de conex\u00e3o a internet encontra disposi\u00e7\u00e3o na Lei do Marco Civil da Internet\" \/>\n<meta property=\"og:url\" content=\"https:\/\/ispmais.com.br\/blog\/?p=6308\" \/>\n<meta property=\"og:site_name\" content=\"ISP Blog\" \/>\n<meta property=\"article:published_time\" content=\"2022-08-02T11:00:00+00:00\" \/>\n<meta property=\"og:image\" content=\"https:\/\/ispmais.com.br\/blog\/wp-content\/uploads\/2022\/07\/guarda-de-dados-pelo-provedor-de-internet.jpg\" \/>\n\t<meta property=\"og:image:width\" content=\"640\" \/>\n\t<meta property=\"og:image:height\" content=\"425\" \/>\n\t<meta property=\"og:image:type\" content=\"image\/jpeg\" \/>\n<meta name=\"author\" content=\"Fortram\" \/>\n<meta name=\"twitter:card\" content=\"summary_large_image\" \/>\n<meta name=\"twitter:label1\" content=\"Escrito por\" \/>\n\t<meta name=\"twitter:data1\" content=\"Fortram\" \/>\n\t<meta name=\"twitter:label2\" content=\"Est. tempo de leitura\" \/>\n\t<meta name=\"twitter:data2\" content=\"2 minutos\" \/>\n<script type=\"application\/ld+json\" class=\"yoast-schema-graph\">{\"@context\":\"https:\/\/schema.org\",\"@graph\":[{\"@type\":\"WebPage\",\"@id\":\"https:\/\/ispmais.com.br\/blog\/?p=6308\",\"url\":\"https:\/\/ispmais.com.br\/blog\/?p=6308\",\"name\":\"Como Funciona a Obrigatoriedade de Guarda de Dados Pelo Provedor de Conex\u00e3o a Internet\",\"isPartOf\":{\"@id\":\"https:\/\/ispmais.com.br\/blog\/#website\"},\"primaryImageOfPage\":{\"@id\":\"https:\/\/ispmais.com.br\/blog\/?p=6308#primaryimage\"},\"image\":{\"@id\":\"https:\/\/ispmais.com.br\/blog\/?p=6308#primaryimage\"},\"thumbnailUrl\":\"https:\/\/ispmais.com.br\/blog\/wp-content\/uploads\/2022\/07\/guarda-de-dados-pelo-provedor-de-internet.jpg\",\"datePublished\":\"2022-08-02T11:00:00+00:00\",\"author\":{\"@id\":\"https:\/\/ispmais.com.br\/blog\/#\/schema\/person\/2023c1dff35852622ecd24558fc9510d\"},\"description\":\"Uma das obriga\u00e7\u00f5es do provedor \u00e9 o armazenamento de dados, sendo que o provedor de conex\u00e3o a internet encontra disposi\u00e7\u00e3o na Lei do Marco Civil da Internet\",\"breadcrumb\":{\"@id\":\"https:\/\/ispmais.com.br\/blog\/?p=6308#breadcrumb\"},\"inLanguage\":\"pt-BR\",\"potentialAction\":[{\"@type\":\"ReadAction\",\"target\":[\"https:\/\/ispmais.com.br\/blog\/?p=6308\"]}]},{\"@type\":\"ImageObject\",\"inLanguage\":\"pt-BR\",\"@id\":\"https:\/\/ispmais.com.br\/blog\/?p=6308#primaryimage\",\"url\":\"https:\/\/ispmais.com.br\/blog\/wp-content\/uploads\/2022\/07\/guarda-de-dados-pelo-provedor-de-internet.jpg\",\"contentUrl\":\"https:\/\/ispmais.com.br\/blog\/wp-content\/uploads\/2022\/07\/guarda-de-dados-pelo-provedor-de-internet.jpg\",\"width\":640,\"height\":425,\"caption\":\"provedor-de-conexao-internet\"},{\"@type\":\"BreadcrumbList\",\"@id\":\"https:\/\/ispmais.com.br\/blog\/?p=6308#breadcrumb\",\"itemListElement\":[{\"@type\":\"ListItem\",\"position\":1,\"name\":\"Home\",\"item\":\"https:\/\/ispmais.com.br\/blog\/\"},{\"@type\":\"ListItem\",\"position\":2,\"name\":\"Como Funciona a Obrigatoriedade de Guarda de Dados Pelo Provedor de Conex\u00e3o \u00e0 Internet?\"}]},{\"@type\":\"WebSite\",\"@id\":\"https:\/\/ispmais.com.br\/blog\/#website\",\"url\":\"https:\/\/ispmais.com.br\/blog\/\",\"name\":\"ISP Blog\",\"description\":\"\",\"potentialAction\":[{\"@type\":\"SearchAction\",\"target\":{\"@type\":\"EntryPoint\",\"urlTemplate\":\"https:\/\/ispmais.com.br\/blog\/?s={search_term_string}\"},\"query-input\":{\"@type\":\"PropertyValueSpecification\",\"valueRequired\":true,\"valueName\":\"search_term_string\"}}],\"inLanguage\":\"pt-BR\"},{\"@type\":\"Person\",\"@id\":\"https:\/\/ispmais.com.br\/blog\/#\/schema\/person\/2023c1dff35852622ecd24558fc9510d\",\"name\":\"Fortram\",\"image\":{\"@type\":\"ImageObject\",\"inLanguage\":\"pt-BR\",\"@id\":\"https:\/\/ispmais.com.br\/blog\/#\/schema\/person\/image\/\",\"url\":\"https:\/\/secure.gravatar.com\/avatar\/79b185d16f6dfc083a429bb61bd828441848e5289b10b3da225f19bfa17734bb?s=96&d=mm&r=g\",\"contentUrl\":\"https:\/\/secure.gravatar.com\/avatar\/79b185d16f6dfc083a429bb61bd828441848e5289b10b3da225f19bfa17734bb?s=96&d=mm&r=g\",\"caption\":\"Fortram\"},\"sameAs\":[\"https:\/\/fortram.site\/wordpress\/iesp\/blog\"],\"url\":\"https:\/\/ispmais.com.br\/blog\/?author=1\"}]}<\/script>\n<!-- \/ Yoast SEO plugin. -->","yoast_head_json":{"title":"Como Funciona a Obrigatoriedade de Guarda de Dados Pelo Provedor de Conex\u00e3o a Internet","description":"Uma das obriga\u00e7\u00f5es do provedor \u00e9 o armazenamento de dados, sendo que o provedor de conex\u00e3o a internet encontra disposi\u00e7\u00e3o na Lei do Marco Civil da Internet","robots":{"index":"index","follow":"follow","max-snippet":"max-snippet:-1","max-image-preview":"max-image-preview:large","max-video-preview":"max-video-preview:-1"},"canonical":"https:\/\/ispmais.com.br\/blog\/?p=6308","og_locale":"pt_BR","og_type":"article","og_title":"Como Funciona a Obrigatoriedade de Guarda de Dados Pelo Provedor de Conex\u00e3o a Internet","og_description":"Uma das obriga\u00e7\u00f5es do provedor \u00e9 o armazenamento de dados, sendo que o provedor de conex\u00e3o a internet encontra disposi\u00e7\u00e3o na Lei do Marco Civil da Internet","og_url":"https:\/\/ispmais.com.br\/blog\/?p=6308","og_site_name":"ISP Blog","article_published_time":"2022-08-02T11:00:00+00:00","og_image":[{"width":640,"height":425,"url":"https:\/\/ispmais.com.br\/blog\/wp-content\/uploads\/2022\/07\/guarda-de-dados-pelo-provedor-de-internet.jpg","type":"image\/jpeg"}],"author":"Fortram","twitter_card":"summary_large_image","twitter_misc":{"Escrito por":"Fortram","Est. tempo de leitura":"2 minutos"},"schema":{"@context":"https:\/\/schema.org","@graph":[{"@type":"WebPage","@id":"https:\/\/ispmais.com.br\/blog\/?p=6308","url":"https:\/\/ispmais.com.br\/blog\/?p=6308","name":"Como Funciona a Obrigatoriedade de Guarda de Dados Pelo Provedor de Conex\u00e3o a Internet","isPartOf":{"@id":"https:\/\/ispmais.com.br\/blog\/#website"},"primaryImageOfPage":{"@id":"https:\/\/ispmais.com.br\/blog\/?p=6308#primaryimage"},"image":{"@id":"https:\/\/ispmais.com.br\/blog\/?p=6308#primaryimage"},"thumbnailUrl":"https:\/\/ispmais.com.br\/blog\/wp-content\/uploads\/2022\/07\/guarda-de-dados-pelo-provedor-de-internet.jpg","datePublished":"2022-08-02T11:00:00+00:00","author":{"@id":"https:\/\/ispmais.com.br\/blog\/#\/schema\/person\/2023c1dff35852622ecd24558fc9510d"},"description":"Uma das obriga\u00e7\u00f5es do provedor \u00e9 o armazenamento de dados, sendo que o provedor de conex\u00e3o a internet encontra disposi\u00e7\u00e3o na Lei do Marco Civil da Internet","breadcrumb":{"@id":"https:\/\/ispmais.com.br\/blog\/?p=6308#breadcrumb"},"inLanguage":"pt-BR","potentialAction":[{"@type":"ReadAction","target":["https:\/\/ispmais.com.br\/blog\/?p=6308"]}]},{"@type":"ImageObject","inLanguage":"pt-BR","@id":"https:\/\/ispmais.com.br\/blog\/?p=6308#primaryimage","url":"https:\/\/ispmais.com.br\/blog\/wp-content\/uploads\/2022\/07\/guarda-de-dados-pelo-provedor-de-internet.jpg","contentUrl":"https:\/\/ispmais.com.br\/blog\/wp-content\/uploads\/2022\/07\/guarda-de-dados-pelo-provedor-de-internet.jpg","width":640,"height":425,"caption":"provedor-de-conexao-internet"},{"@type":"BreadcrumbList","@id":"https:\/\/ispmais.com.br\/blog\/?p=6308#breadcrumb","itemListElement":[{"@type":"ListItem","position":1,"name":"Home","item":"https:\/\/ispmais.com.br\/blog\/"},{"@type":"ListItem","position":2,"name":"Como Funciona a Obrigatoriedade de Guarda de Dados Pelo Provedor de Conex\u00e3o \u00e0 Internet?"}]},{"@type":"WebSite","@id":"https:\/\/ispmais.com.br\/blog\/#website","url":"https:\/\/ispmais.com.br\/blog\/","name":"ISP Blog","description":"","potentialAction":[{"@type":"SearchAction","target":{"@type":"EntryPoint","urlTemplate":"https:\/\/ispmais.com.br\/blog\/?s={search_term_string}"},"query-input":{"@type":"PropertyValueSpecification","valueRequired":true,"valueName":"search_term_string"}}],"inLanguage":"pt-BR"},{"@type":"Person","@id":"https:\/\/ispmais.com.br\/blog\/#\/schema\/person\/2023c1dff35852622ecd24558fc9510d","name":"Fortram","image":{"@type":"ImageObject","inLanguage":"pt-BR","@id":"https:\/\/ispmais.com.br\/blog\/#\/schema\/person\/image\/","url":"https:\/\/secure.gravatar.com\/avatar\/79b185d16f6dfc083a429bb61bd828441848e5289b10b3da225f19bfa17734bb?s=96&d=mm&r=g","contentUrl":"https:\/\/secure.gravatar.com\/avatar\/79b185d16f6dfc083a429bb61bd828441848e5289b10b3da225f19bfa17734bb?s=96&d=mm&r=g","caption":"Fortram"},"sameAs":["https:\/\/fortram.site\/wordpress\/iesp\/blog"],"url":"https:\/\/ispmais.com.br\/blog\/?author=1"}]}},"_links":{"self":[{"href":"https:\/\/ispmais.com.br\/blog\/index.php?rest_route=\/wp\/v2\/posts\/6308","targetHints":{"allow":["GET"]}}],"collection":[{"href":"https:\/\/ispmais.com.br\/blog\/index.php?rest_route=\/wp\/v2\/posts"}],"about":[{"href":"https:\/\/ispmais.com.br\/blog\/index.php?rest_route=\/wp\/v2\/types\/post"}],"author":[{"embeddable":true,"href":"https:\/\/ispmais.com.br\/blog\/index.php?rest_route=\/wp\/v2\/users\/1"}],"replies":[{"embeddable":true,"href":"https:\/\/ispmais.com.br\/blog\/index.php?rest_route=%2Fwp%2Fv2%2Fcomments&post=6308"}],"version-history":[{"count":0,"href":"https:\/\/ispmais.com.br\/blog\/index.php?rest_route=\/wp\/v2\/posts\/6308\/revisions"}],"wp:featuredmedia":[{"embeddable":true,"href":"https:\/\/ispmais.com.br\/blog\/index.php?rest_route=\/wp\/v2\/media\/6309"}],"wp:attachment":[{"href":"https:\/\/ispmais.com.br\/blog\/index.php?rest_route=%2Fwp%2Fv2%2Fmedia&parent=6308"}],"wp:term":[{"taxonomy":"category","embeddable":true,"href":"https:\/\/ispmais.com.br\/blog\/index.php?rest_route=%2Fwp%2Fv2%2Fcategories&post=6308"},{"taxonomy":"post_tag","embeddable":true,"href":"https:\/\/ispmais.com.br\/blog\/index.php?rest_route=%2Fwp%2Fv2%2Ftags&post=6308"}],"curies":[{"name":"wp","href":"https:\/\/api.w.org\/{rel}","templated":true}]}}