{"id":6358,"date":"2022-09-27T08:00:00","date_gmt":"2022-09-27T11:00:00","guid":{"rendered":"https:\/\/www.ispblog.com.br\/?p=6358"},"modified":"2022-09-27T08:00:00","modified_gmt":"2022-09-27T11:00:00","slug":"a-reducao-da-aliquota-de-icms-sobre-os-servicos-de-telecomunicacoes-aplicabilidade-imediata","status":"publish","type":"post","link":"https:\/\/ispmais.com.br\/blog\/?p=6358","title":{"rendered":"A Redu\u00e7\u00e3o da Al\u00edquota de ICMS sobre os Servi\u00e7os de Telecomunica\u00e7\u00f5es. Aplicabilidade Imediata?"},"content":{"rendered":"\n<figure class=\"wp-block-image size-full is-style-default\"><img loading=\"lazy\" decoding=\"async\" width=\"640\" height=\"425\" src=\"https:\/\/www.ispblog.com.br\/wp-content\/uploads\/2022\/07\/a-reducao-da-aliquota-de-icmssobre-os-servicos-de-telecomunicacoes-aplicabilidade-imediata.jpg\" alt=\"A Redu\u00e7\u00e3o da Al\u00edquota de ICMS sobre os Servi\u00e7os de Telecomunica\u00e7\u00f5es. Aplicabilidade Imediata?\" class=\"wp-image-6359\" srcset=\"https:\/\/ispmais.com.br\/blog\/wp-content\/uploads\/2022\/07\/a-reducao-da-aliquota-de-icmssobre-os-servicos-de-telecomunicacoes-aplicabilidade-imediata.jpg 640w, https:\/\/ispmais.com.br\/blog\/wp-content\/uploads\/2022\/07\/a-reducao-da-aliquota-de-icmssobre-os-servicos-de-telecomunicacoes-aplicabilidade-imediata-300x199.jpg 300w, https:\/\/ispmais.com.br\/blog\/wp-content\/uploads\/2022\/07\/a-reducao-da-aliquota-de-icmssobre-os-servicos-de-telecomunicacoes-aplicabilidade-imediata-150x100.jpg 150w\" sizes=\"auto, (max-width: 640px) 100vw, 640px\" \/><\/figure>\n\n\n\n<p>Como amplamente noticiado, no dia 23 de junho de 2022 o Presidente da Rep\u00fablica sancionou a Lei Complementar 194\/2022, cujo teor consolida a <strong>essencialidade e indispensabilidade dos servi\u00e7os de telecomunica\u00e7\u00f5es<\/strong> perante a sociedade brasileira, de tal forma que tais servi\u00e7os \u201c<em><strong>n\u00e3o podem ser tratados como sup\u00e9rfluos<\/strong><\/em>.\u201d<\/p>\n\n\n\n<p>Assim, como principal efeito da essencialidade reconhecida, a Lei Complementar 194\/22 introduziu ao C\u00f3digo Tribut\u00e1rio Nacional (Decreto Lei n\u00ba 4.657\/42) e \u00e0 Lei Kandir (Lei Complementar 87\/1996), respectivamente, o Art. 18-A e o Art. 32-A, <strong>para fins de <\/strong><strong>determinar que \u00e9 vedada a fixa\u00e7\u00e3o de al\u00edquotas de ICMS sobre as opera\u00e7\u00f5es de telecomunica\u00e7\u00f5es em patamar superior ao das opera\u00e7\u00f5es em geral.<\/strong><\/p>\n\n\n\n<p>Para clareza, a recente altera\u00e7\u00e3o legislativa estabeleceu que os servi\u00e7os de telecomunica\u00e7\u00f5es dever\u00e3o ser submetidos \u00e0 al\u00edquota de ICMS prevista para opera\u00e7\u00f5es em geral, que pode variar, a depender do Estado, <strong>entre 17% (dezessete por cento) e 18% (dezoito por cento), sem considerar o adicional do Fundo Estadual de Combate \u00e0 Pobreza previsto em alguns Estados.<\/strong><\/p>\n\n\n\n<p>Em s\u00edntese, as al\u00edquotas das opera\u00e7\u00f5es em geral s\u00e3o as seguintes, conforme Estados:<\/p>\n\n\n\n<figure class=\"wp-block-table\"><table><tbody><tr><td><strong>Acre:<\/strong><\/td><td><strong>17,0%<\/strong><\/td><td><strong>Para\u00edba:<\/strong><\/td><td><strong>18,0%<\/strong><\/td><\/tr><tr><td><strong>Alagoas:<\/strong><\/td><td><strong>18,0%<\/strong><\/td><td><strong>Paran\u00e1:<\/strong><\/td><td><strong>18,0%<\/strong><\/td><\/tr><tr><td><strong>Amazonas:<\/strong><\/td><td><strong>18,0%<\/strong><\/td><td><strong>Pernambuco:<\/strong><\/td><td><strong>18,0%<\/strong><\/td><\/tr><tr><td><strong>Amap\u00e1:<\/strong><\/td><td><strong>18,0%<\/strong><\/td><td><strong>Piau\u00ed:<\/strong><\/td><td><strong>18,0%<\/strong><\/td><\/tr><tr><td><strong>Bahia:<\/strong><\/td><td><strong>18,0%<\/strong><\/td><td><strong>Rio Grande do Norte:<\/strong><\/td><td><strong>18,0%<\/strong><\/td><\/tr><tr><td><strong>Cear\u00e1:<\/strong><\/td><td><strong>18,0%<\/strong><\/td><td><strong>Rio Grande do Sul:<\/strong><\/td><td><strong>17,0%<\/strong><\/td><\/tr><tr><td><strong>Distrito Federal:<\/strong><\/td><td><strong>18,0%<\/strong><\/td><td><strong>Rio de Janeiro:<\/strong><\/td><td><strong>18,0%<\/strong><\/td><\/tr><tr><td><strong>Esp\u00edrito Santo:<\/strong><\/td><td><strong>17,0%<\/strong><\/td><td><strong>Rond\u00f4nia:<\/strong><\/td><td><strong>17,5%<\/strong><\/td><\/tr><tr><td><strong>Goi\u00e1s:<\/strong><\/td><td><strong>17,0%<\/strong><\/td><td><strong>Roraima:<\/strong><\/td><td><strong>17,0%<\/strong><\/td><\/tr><tr><td><strong>Maranh\u00e3o:<\/strong><\/td><td><strong>18,0%<\/strong><\/td><td><strong>Santa Catarina:<\/strong><\/td><td><strong>17,0%<\/strong><\/td><\/tr><tr><td><strong>Mato Grosso:<\/strong><\/td><td><strong>17,0%<\/strong><\/td><td><strong>S\u00e3o Paulo:<\/strong><\/td><td><strong>18,0%<\/strong><\/td><\/tr><tr><td><strong>Mato Grosso do Sul:<\/strong><\/td><td><strong>17,0%<\/strong><\/td><td><strong>Sergipe:<\/strong><\/td><td><strong>18,0%<\/strong><\/td><\/tr><tr><td><strong>Minas Gerais:<\/strong><\/td><td><strong>18,0%<\/strong><\/td><td><strong>Tocantins:<\/strong><\/td><td><strong>18,0%<\/strong><\/td><\/tr><tr><td><strong>Par\u00e1:<\/strong><\/td><td><strong>17,0%<\/strong><\/td><td><br \/><\/td><td><br \/><\/td><\/tr><\/tbody><\/table><\/figure>\n\n\n\n<p>Na mesma toada, j\u00e1 vislumbrando a consequente redu\u00e7\u00e3o da arrecada\u00e7\u00e3o de ICMS por parte dos Estados para o ano fiscal de 2022, <strong>a aludida <\/strong><strong>Lei Complementar tamb\u00e9m estabeleceu regras de recomposi\u00e7\u00e3o or\u00e7ament\u00e1ria, de tal forma que a Uni\u00e3o ir\u00e1 se responsabilizar e suprir a perda de arrecada\u00e7\u00e3o dos Estados ou do Distrito Federal ocorridas no exerc\u00edcio de 2022<\/strong>.<\/p>\n\n\n\n<p>Dito isto, t\u00e3o logo a Lei Complementar 194\/2022 entrou em vigor, surgiram os seguintes questionamentos:<\/p>\n\n\n\n<p><strong>Os contribuintes prestadores de servi\u00e7os de telecomunica\u00e7\u00e3o poder\u00e3o<\/strong><strong> se beneficiar imediatamente da recente altera\u00e7\u00e3o legislativa e <\/strong><strong>equiparar a al\u00edquota aplic\u00e1vel aos servi\u00e7os de telecomunica\u00e7\u00e3o \u00e0 al\u00edquota utilizada nas opera\u00e7\u00f5es em geral?<\/strong><\/p>\n\n\n\n<p><strong>Ou dever\u00e3o aguardar que cada Estado, a seu tempo, altere sua legisla\u00e7\u00e3o e o Regulamento do ICMS, visando adequ\u00e1-lo aos limites impostos pela nova Lei Complementar Federal?<\/strong><\/p>\n\n\n\n<p>Pois bem! Para debatermos o questionamento acima proposto, \u00e9 importante observar, inicialmente, <strong>que o Art. 146 da Constitui\u00e7\u00e3o Federal estabeleceu que <\/strong><strong>cabe \u00e0 Lei Complementar<\/strong><strong> dispor sobre conflitos de compet\u00eancia em mat\u00e9ria tribut\u00e1ria, <\/strong><strong>regular as limita\u00e7\u00f5es constitucionais ao poder de tributar<\/strong><strong> e, ainda, <\/strong><strong>estabelecer as chamadas normas gerais em mat\u00e9ria de legisla\u00e7\u00e3o tribut\u00e1ria.<\/strong><\/p>\n\n\n\n<p>Podemos concluir, portanto, que ao atribuir \u00e0 Lei Complementar (Uni\u00e3o) a compet\u00eancia para tratar de normas gerais relacionadas ao sistema tribut\u00e1rio, <strong>a Constitui\u00e7\u00e3o Federal estabeleceu que <\/strong><strong>as Leis Complementares t\u00eam como fun\u00e7\u00e3o prec\u00edpua harmonizar o sistema tribut\u00e1rio brasileiro como um todo.<\/strong><\/p>\n\n\n\n<p>E nesta linha, \u00e9 clarividente que a Constitui\u00e7\u00e3o Federal, no tocante a reparti\u00e7\u00e3o de compet\u00eancia legislativa entre os entes da federa\u00e7\u00e3o, estabeleceu uma <strong>hierarquia vertical <\/strong>quanto as normas de <strong>direito tribut\u00e1rio<\/strong>, atribuindo \u00e0 Uni\u00e3o, por interm\u00e9dio de Lei Complementar, a prerrogativa de legislar sobre normas gerais, e cabendo aos Estados, Distrito Federal e Munic\u00edpios, por sua vez, a prerrogativa de legislar sobre normas suplementares em rela\u00e7\u00e3o aos tributos de suas respectivas compet\u00eancias.<\/p>\n\n\n\n<p>Desta forma, ainda que o direito tribut\u00e1rio seja uma mat\u00e9ria de compet\u00eancia concorrente (entre Uni\u00e3o, Estados, Distrito Federal e Munic\u00edpios), existe claramente uma <strong>hierarquia vertical<\/strong>, <strong>de modo que a Lei Estadual, Distrital ou Municipal n\u00e3o pode contrariar o disposto na Lei Complementar Federal (que verse sobre normas gerais).<\/strong><\/p>\n\n\n\n<p>Inclusive, o Art. 24, \u00a74\u00ba, da Constitui\u00e7\u00e3o Federal prev\u00ea, categoricamente, que <em><strong>\u201cA superveni\u00eancia de lei federal sobre normas gerais suspende a efic\u00e1cia da lei estadual, no que lhe for contr\u00e1rio\u201d.&nbsp;<\/strong><\/em><\/p>\n\n\n\n<p>Portanto, considerando que as recentes altera\u00e7\u00f5es no C\u00f3digo Tribut\u00e1rio Nacional e na Lei Kandir (Lei Complementar 87\/96), oriundas das Lei Complementar 194\/2022, introduziram um novo mandamento a ser observado pela legisla\u00e7\u00e3o tribut\u00e1ria estadual no tocante ao ICMS (fixa\u00e7\u00e3o de al\u00edquota m\u00e1xima sobre os servi\u00e7os de comunica\u00e7\u00e3o, dentre outros servi\u00e7os), <strong>pode se concluir que as legisla\u00e7\u00f5es estaduais (e Regulamentos de ICMS), desde o dia 23 de junho de 2022, se encontram em conflito direto com a Lei Complementar Federal, que lhe \u00e9 superior.<\/strong><\/p>\n\n\n\n<p>E seguindo o previsto no Art. 24, \u00a74\u00ba, da Constitui\u00e7\u00e3o Federal, os dispositivos das legisla\u00e7\u00f5es estaduais ou Regulamentos de ICMS, que tratam a respeito da al\u00edquota de ICMS incidente sobre os servi\u00e7os de telecomunica\u00e7\u00f5es, <strong>se encontram neste momento com sua efic\u00e1cia suspensa, por contrariarem (e enquanto contrariarem) a legisla\u00e7\u00e3o complementar federal (LCP 194\/2022).<\/strong><\/p>\n\n\n\n<p>Com tais considera\u00e7\u00f5es, e em resposta \u00e0s perguntas acima, <strong>estes Consultores entendem que h\u00e1 neste momento fundamentos jur\u00eddicos bastantes e suficientes para se reduzir, <\/strong><strong>de imediato<\/strong><strong>, a al\u00edquota de ICMS incidente sobre os servi\u00e7os de telecomunica\u00e7\u00f5es, conforme al\u00edquota incidente sobre opera\u00e7\u00f5es em geral, que pode variar, a depender do Estado, entre 17% (dezessete por cento) e 18% (dezoito por cento), sem considerar o adicional do Fundo Estadual de Combate \u00e0 Pobreza previsto em alguns Estados.<\/strong><\/p>\n\n\n\n<p>Na vis\u00e3o destes Consultores, com as altera\u00e7\u00f5es promovidas pela Lei Complementar 194\/2022,<strong> existe na atual conjuntura (desde 23\/06\/2022) um limite claro e objetivo, que restringe as al\u00edquotas incidentes sobre os servi\u00e7os de telecomunica\u00e7\u00f5es. E este limite n\u00e3o admite qualquer t\u00e9cnica interpretativa ou requer qualquer tipo de regulamenta\u00e7\u00e3o dos Estados que possa postergar sua aplica\u00e7\u00e3o imediata.<\/strong><\/p>\n\n\n\n<p>Obviamente que, assim como qualquer discuss\u00e3o de ordem tribut\u00e1ria, existe o risco dos Fiscos Estaduais sustentarem que a redu\u00e7\u00e3o efetiva da al\u00edquota de ICMS somente poder\u00e1 ocorrer ap\u00f3s a altera\u00e7\u00e3o da legisla\u00e7\u00e3o estadual ou regulamento de ICMS. <strong>\u00c9 importante, obviamente, que cada empresa tenha ci\u00eancia dos riscos envolvidos.<\/strong><\/p>\n\n\n\n<p>Cada empresa, ciente destes riscos, deve necessariamente fazer uma avalia\u00e7\u00e3o interna, at\u00e9 mesmo de outros riscos, passivos e conting\u00eancias relacionadas \u00e0 sua atua\u00e7\u00e3o e que podem, em uma eventual fiscaliza\u00e7\u00e3o, ser identificados pelo Fisco Estadual.<\/p>\n\n\n\n<p><strong>Mas como sustentado acima, a norma federal, que trata das regras gerais do ICMS, a partir de 23 de junho de 2022 \u00e9 cristalina ao estabelecer um limite m\u00e1ximo de al\u00edquota de ICMS sobre os servi\u00e7os de telecomunica\u00e7\u00f5es. E sendo esta norma hierarquicamente superior \u00e0s legisla\u00e7\u00f5es estaduais e Regulamentos de ICMS, na vis\u00e3o destes Consultores, existem fundamentos jur\u00eddicos suficientes a se sustentar a <\/strong><strong>aplica\u00e7\u00e3o imediata<\/strong><strong> de tal redu\u00e7\u00e3o.<\/strong><\/p>\n\n\n\n<p>Por fim, outros pontos devem ser considerados na aplica\u00e7\u00e3o desta redu\u00e7\u00e3o de al\u00edquota:<\/p>\n\n\n\n<ol class=\"wp-block-list\" type=\"i\"><li><strong>Caso um determinado contribuinte deseje realizar a redu\u00e7\u00e3o de al\u00edquota do ICMS, antes da altera\u00e7\u00e3o da legisla\u00e7\u00e3o estadual ou Regulamento de ICMS, mas deseje minimizar qualquer risco, recomenda-se o ajuizamento de uma A\u00e7\u00e3o neste sentido, com pedido liminar (antecipa\u00e7\u00e3o de tutela);<\/strong><\/li><\/ol>\n\n\n\n<ol class=\"wp-block-list\" type=\"i\" start=\"2\"><li><strong>Em se tratando do m\u00eas de junho\/2022, considerando que a Lei Complementar 194\/2022 entrou em vigor no dia 23\/06\/2022, deve ser considerado por cada empresa que, entre os dias 01 a 22\/06\/2022, a al\u00edquota de ICMS permanece a anterior (al\u00edquotas entre 25% a 32%, a depender do Estado). J\u00e1 a partir do dia 23\/06\/2022, a al\u00edquota pode ser reduzida (entre 17% a 18%, a depender do Estado, sem considerar o adicional do Fundo Estadual de Combate \u00e0 Pobreza).<\/strong><\/li><\/ol>\n\n\n\n<p><strong>Desta forma, quanto ao m\u00eas de junho\/2022, cada empresa deve avaliar o per\u00edodo de medi\u00e7\u00e3o dos servi\u00e7os de telecomunica\u00e7\u00f5es, e aplicar a al\u00edquota efetiva <\/strong><em><strong>pro rata, <\/strong><\/em><strong>considerando a redu\u00e7\u00e3o apenas proporcionalmente aos servi\u00e7os prestados de 23\/06\/2022 a 30\/06\/2022.<\/strong><\/p>\n\n\n\n<ol class=\"wp-block-list\" type=\"i\" start=\"3\"><li><strong>No tocante ao Fundo Estadual de Combate \u00e0 Pobreza, previsto em alguns Estados (como Alagoas, Cear\u00e1, Goi\u00e1s, Mato Grosso, Mato Grosso do Sul, Para\u00edba, Rio de Janeiro, Rio Grande do Norte, Rond\u00f4nia, Sergipe e Tocantins), trata-se de um adicional previsto no Art. 82 do Ato das Disposi\u00e7\u00f5es Constitucionais Transit\u00f3rias, acrescido atrav\u00e9s da Emenda Constitucional n\u00ba 31\/2000.<\/strong><\/li><\/ol>\n\n\n\n<p> <strong>Estes Consultores entendem que \u00e9 perfeitamente poss\u00edvel a discuss\u00e3o acerca da ilegalidade e inconstitucionalidade da incid\u00eancia deste adicional (fundo estadual de combate \u00e0 pobreza), sobre os servi\u00e7os de telecomunica\u00e7\u00f5es. Para tal, antes da interrup\u00e7\u00e3o do recolhimento deste adicional, estes Consultores recomendam a discuss\u00e3o por cada empresa em A\u00e7\u00e3o Judicial pr\u00f3pria, com pedido liminar (antecipa\u00e7\u00e3o de tutela).<\/strong><\/p>\n\n\n\n<p><\/p>\n\n\n\n<p>Autor: Paulo Henrique da Silva Vitor &#8211; Advogado e Consultor Jur\u00eddico &#8211; S\u00f3cio Fundador da Silva Vitor, Faria &amp; Ribeiro Advogados<\/p>\n\n\n\n<p><\/p>\n","protected":false},"excerpt":{"rendered":"<p>Como amplamente noticiado, no dia 23 de junho de 2022 o Presidente da Rep\u00fablica sancionou a Lei Complementar 194\/2022, cujo teor consolida a essencialidade e indispensabilidade dos servi\u00e7os de telecomunica\u00e7\u00f5es perante a sociedade brasileira, de tal forma que tais servi\u00e7os \u201cn\u00e3o podem ser tratados como sup\u00e9rfluos.\u201d Assim, como principal efeito da essencialidade reconhecida, a Lei [&hellip;]<\/p>\n","protected":false},"author":1,"featured_media":6359,"comment_status":"open","ping_status":"open","sticky":false,"template":"","format":"standard","meta":{"footnotes":""},"categories":[1],"tags":[],"class_list":{"0":"post-6358","1":"post","2":"type-post","3":"status-publish","4":"format-standard","5":"has-post-thumbnail","7":"category-sem-categoria"},"yoast_head":"<!-- This site is optimized with the Yoast SEO plugin v25.7 - https:\/\/yoast.com\/wordpress\/plugins\/seo\/ -->\n<title>A Redu\u00e7\u00e3o da Al\u00edquota de ICMS sobre os Servi\u00e7os de Telecomunica\u00e7\u00f5es. Aplicabilidade Imediata?<\/title>\n<meta name=\"description\" content=\"Para clareza, a recente altera\u00e7\u00e3o legislativa estabeleceu que os servi\u00e7os de telecomunica\u00e7\u00f5es dever\u00e3o ser submetidos \u00e0 al\u00edquota de ICMS\" \/>\n<meta name=\"robots\" content=\"index, follow, max-snippet:-1, max-image-preview:large, max-video-preview:-1\" \/>\n<link rel=\"canonical\" href=\"https:\/\/ispmais.com.br\/blog\/?p=6358\" \/>\n<meta property=\"og:locale\" content=\"pt_BR\" \/>\n<meta property=\"og:type\" content=\"article\" \/>\n<meta property=\"og:title\" content=\"A Redu\u00e7\u00e3o da Al\u00edquota de ICMS sobre os Servi\u00e7os de Telecomunica\u00e7\u00f5es. Aplicabilidade Imediata?\" \/>\n<meta property=\"og:description\" content=\"Para clareza, a recente altera\u00e7\u00e3o legislativa estabeleceu que os servi\u00e7os de telecomunica\u00e7\u00f5es dever\u00e3o ser submetidos \u00e0 al\u00edquota de ICMS\" \/>\n<meta property=\"og:url\" content=\"https:\/\/ispmais.com.br\/blog\/?p=6358\" \/>\n<meta property=\"og:site_name\" content=\"ISP Blog\" \/>\n<meta property=\"article:published_time\" content=\"2022-09-27T11:00:00+00:00\" \/>\n<meta property=\"og:image\" content=\"https:\/\/ispmais.com.br\/blog\/wp-content\/uploads\/2022\/07\/a-reducao-da-aliquota-de-icmssobre-os-servicos-de-telecomunicacoes-aplicabilidade-imediata.jpg\" \/>\n\t<meta property=\"og:image:width\" content=\"640\" \/>\n\t<meta property=\"og:image:height\" content=\"425\" \/>\n\t<meta property=\"og:image:type\" content=\"image\/jpeg\" \/>\n<meta name=\"author\" content=\"Fortram\" \/>\n<meta name=\"twitter:card\" content=\"summary_large_image\" \/>\n<meta name=\"twitter:label1\" content=\"Escrito por\" \/>\n\t<meta name=\"twitter:data1\" content=\"Fortram\" \/>\n\t<meta name=\"twitter:label2\" content=\"Est. tempo de leitura\" \/>\n\t<meta name=\"twitter:data2\" content=\"7 minutos\" \/>\n<script type=\"application\/ld+json\" class=\"yoast-schema-graph\">{\"@context\":\"https:\/\/schema.org\",\"@graph\":[{\"@type\":\"WebPage\",\"@id\":\"https:\/\/ispmais.com.br\/blog\/?p=6358\",\"url\":\"https:\/\/ispmais.com.br\/blog\/?p=6358\",\"name\":\"A Redu\u00e7\u00e3o da Al\u00edquota de ICMS sobre os Servi\u00e7os de Telecomunica\u00e7\u00f5es. Aplicabilidade Imediata?\",\"isPartOf\":{\"@id\":\"https:\/\/ispmais.com.br\/blog\/#website\"},\"primaryImageOfPage\":{\"@id\":\"https:\/\/ispmais.com.br\/blog\/?p=6358#primaryimage\"},\"image\":{\"@id\":\"https:\/\/ispmais.com.br\/blog\/?p=6358#primaryimage\"},\"thumbnailUrl\":\"https:\/\/ispmais.com.br\/blog\/wp-content\/uploads\/2022\/07\/a-reducao-da-aliquota-de-icmssobre-os-servicos-de-telecomunicacoes-aplicabilidade-imediata.jpg\",\"datePublished\":\"2022-09-27T11:00:00+00:00\",\"author\":{\"@id\":\"https:\/\/ispmais.com.br\/blog\/#\/schema\/person\/2023c1dff35852622ecd24558fc9510d\"},\"description\":\"Para clareza, a recente altera\u00e7\u00e3o legislativa estabeleceu que os servi\u00e7os de telecomunica\u00e7\u00f5es dever\u00e3o ser submetidos \u00e0 al\u00edquota de ICMS\",\"breadcrumb\":{\"@id\":\"https:\/\/ispmais.com.br\/blog\/?p=6358#breadcrumb\"},\"inLanguage\":\"pt-BR\",\"potentialAction\":[{\"@type\":\"ReadAction\",\"target\":[\"https:\/\/ispmais.com.br\/blog\/?p=6358\"]}]},{\"@type\":\"ImageObject\",\"inLanguage\":\"pt-BR\",\"@id\":\"https:\/\/ispmais.com.br\/blog\/?p=6358#primaryimage\",\"url\":\"https:\/\/ispmais.com.br\/blog\/wp-content\/uploads\/2022\/07\/a-reducao-da-aliquota-de-icmssobre-os-servicos-de-telecomunicacoes-aplicabilidade-imediata.jpg\",\"contentUrl\":\"https:\/\/ispmais.com.br\/blog\/wp-content\/uploads\/2022\/07\/a-reducao-da-aliquota-de-icmssobre-os-servicos-de-telecomunicacoes-aplicabilidade-imediata.jpg\",\"width\":640,\"height\":425,\"caption\":\"A Redu\u00e7\u00e3o da Al\u00edquota de ICMS sobre os Servi\u00e7os de Telecomunica\u00e7\u00f5es. Aplicabilidade Imediata?\"},{\"@type\":\"BreadcrumbList\",\"@id\":\"https:\/\/ispmais.com.br\/blog\/?p=6358#breadcrumb\",\"itemListElement\":[{\"@type\":\"ListItem\",\"position\":1,\"name\":\"Home\",\"item\":\"https:\/\/ispmais.com.br\/blog\/\"},{\"@type\":\"ListItem\",\"position\":2,\"name\":\"A Redu\u00e7\u00e3o da Al\u00edquota de ICMS sobre os Servi\u00e7os de Telecomunica\u00e7\u00f5es. Aplicabilidade Imediata?\"}]},{\"@type\":\"WebSite\",\"@id\":\"https:\/\/ispmais.com.br\/blog\/#website\",\"url\":\"https:\/\/ispmais.com.br\/blog\/\",\"name\":\"ISP Blog\",\"description\":\"\",\"potentialAction\":[{\"@type\":\"SearchAction\",\"target\":{\"@type\":\"EntryPoint\",\"urlTemplate\":\"https:\/\/ispmais.com.br\/blog\/?s={search_term_string}\"},\"query-input\":{\"@type\":\"PropertyValueSpecification\",\"valueRequired\":true,\"valueName\":\"search_term_string\"}}],\"inLanguage\":\"pt-BR\"},{\"@type\":\"Person\",\"@id\":\"https:\/\/ispmais.com.br\/blog\/#\/schema\/person\/2023c1dff35852622ecd24558fc9510d\",\"name\":\"Fortram\",\"image\":{\"@type\":\"ImageObject\",\"inLanguage\":\"pt-BR\",\"@id\":\"https:\/\/ispmais.com.br\/blog\/#\/schema\/person\/image\/\",\"url\":\"https:\/\/secure.gravatar.com\/avatar\/79b185d16f6dfc083a429bb61bd828441848e5289b10b3da225f19bfa17734bb?s=96&d=mm&r=g\",\"contentUrl\":\"https:\/\/secure.gravatar.com\/avatar\/79b185d16f6dfc083a429bb61bd828441848e5289b10b3da225f19bfa17734bb?s=96&d=mm&r=g\",\"caption\":\"Fortram\"},\"sameAs\":[\"https:\/\/fortram.site\/wordpress\/iesp\/blog\"],\"url\":\"https:\/\/ispmais.com.br\/blog\/?author=1\"}]}<\/script>\n<!-- \/ Yoast SEO plugin. -->","yoast_head_json":{"title":"A Redu\u00e7\u00e3o da Al\u00edquota de ICMS sobre os Servi\u00e7os de Telecomunica\u00e7\u00f5es. Aplicabilidade Imediata?","description":"Para clareza, a recente altera\u00e7\u00e3o legislativa estabeleceu que os servi\u00e7os de telecomunica\u00e7\u00f5es dever\u00e3o ser submetidos \u00e0 al\u00edquota de ICMS","robots":{"index":"index","follow":"follow","max-snippet":"max-snippet:-1","max-image-preview":"max-image-preview:large","max-video-preview":"max-video-preview:-1"},"canonical":"https:\/\/ispmais.com.br\/blog\/?p=6358","og_locale":"pt_BR","og_type":"article","og_title":"A Redu\u00e7\u00e3o da Al\u00edquota de ICMS sobre os Servi\u00e7os de Telecomunica\u00e7\u00f5es. Aplicabilidade Imediata?","og_description":"Para clareza, a recente altera\u00e7\u00e3o legislativa estabeleceu que os servi\u00e7os de telecomunica\u00e7\u00f5es dever\u00e3o ser submetidos \u00e0 al\u00edquota de ICMS","og_url":"https:\/\/ispmais.com.br\/blog\/?p=6358","og_site_name":"ISP Blog","article_published_time":"2022-09-27T11:00:00+00:00","og_image":[{"width":640,"height":425,"url":"https:\/\/ispmais.com.br\/blog\/wp-content\/uploads\/2022\/07\/a-reducao-da-aliquota-de-icmssobre-os-servicos-de-telecomunicacoes-aplicabilidade-imediata.jpg","type":"image\/jpeg"}],"author":"Fortram","twitter_card":"summary_large_image","twitter_misc":{"Escrito por":"Fortram","Est. tempo de leitura":"7 minutos"},"schema":{"@context":"https:\/\/schema.org","@graph":[{"@type":"WebPage","@id":"https:\/\/ispmais.com.br\/blog\/?p=6358","url":"https:\/\/ispmais.com.br\/blog\/?p=6358","name":"A Redu\u00e7\u00e3o da Al\u00edquota de ICMS sobre os Servi\u00e7os de Telecomunica\u00e7\u00f5es. Aplicabilidade Imediata?","isPartOf":{"@id":"https:\/\/ispmais.com.br\/blog\/#website"},"primaryImageOfPage":{"@id":"https:\/\/ispmais.com.br\/blog\/?p=6358#primaryimage"},"image":{"@id":"https:\/\/ispmais.com.br\/blog\/?p=6358#primaryimage"},"thumbnailUrl":"https:\/\/ispmais.com.br\/blog\/wp-content\/uploads\/2022\/07\/a-reducao-da-aliquota-de-icmssobre-os-servicos-de-telecomunicacoes-aplicabilidade-imediata.jpg","datePublished":"2022-09-27T11:00:00+00:00","author":{"@id":"https:\/\/ispmais.com.br\/blog\/#\/schema\/person\/2023c1dff35852622ecd24558fc9510d"},"description":"Para clareza, a recente altera\u00e7\u00e3o legislativa estabeleceu que os servi\u00e7os de telecomunica\u00e7\u00f5es dever\u00e3o ser submetidos \u00e0 al\u00edquota de ICMS","breadcrumb":{"@id":"https:\/\/ispmais.com.br\/blog\/?p=6358#breadcrumb"},"inLanguage":"pt-BR","potentialAction":[{"@type":"ReadAction","target":["https:\/\/ispmais.com.br\/blog\/?p=6358"]}]},{"@type":"ImageObject","inLanguage":"pt-BR","@id":"https:\/\/ispmais.com.br\/blog\/?p=6358#primaryimage","url":"https:\/\/ispmais.com.br\/blog\/wp-content\/uploads\/2022\/07\/a-reducao-da-aliquota-de-icmssobre-os-servicos-de-telecomunicacoes-aplicabilidade-imediata.jpg","contentUrl":"https:\/\/ispmais.com.br\/blog\/wp-content\/uploads\/2022\/07\/a-reducao-da-aliquota-de-icmssobre-os-servicos-de-telecomunicacoes-aplicabilidade-imediata.jpg","width":640,"height":425,"caption":"A Redu\u00e7\u00e3o da Al\u00edquota de ICMS sobre os Servi\u00e7os de Telecomunica\u00e7\u00f5es. Aplicabilidade Imediata?"},{"@type":"BreadcrumbList","@id":"https:\/\/ispmais.com.br\/blog\/?p=6358#breadcrumb","itemListElement":[{"@type":"ListItem","position":1,"name":"Home","item":"https:\/\/ispmais.com.br\/blog\/"},{"@type":"ListItem","position":2,"name":"A Redu\u00e7\u00e3o da Al\u00edquota de ICMS sobre os Servi\u00e7os de Telecomunica\u00e7\u00f5es. Aplicabilidade Imediata?"}]},{"@type":"WebSite","@id":"https:\/\/ispmais.com.br\/blog\/#website","url":"https:\/\/ispmais.com.br\/blog\/","name":"ISP Blog","description":"","potentialAction":[{"@type":"SearchAction","target":{"@type":"EntryPoint","urlTemplate":"https:\/\/ispmais.com.br\/blog\/?s={search_term_string}"},"query-input":{"@type":"PropertyValueSpecification","valueRequired":true,"valueName":"search_term_string"}}],"inLanguage":"pt-BR"},{"@type":"Person","@id":"https:\/\/ispmais.com.br\/blog\/#\/schema\/person\/2023c1dff35852622ecd24558fc9510d","name":"Fortram","image":{"@type":"ImageObject","inLanguage":"pt-BR","@id":"https:\/\/ispmais.com.br\/blog\/#\/schema\/person\/image\/","url":"https:\/\/secure.gravatar.com\/avatar\/79b185d16f6dfc083a429bb61bd828441848e5289b10b3da225f19bfa17734bb?s=96&d=mm&r=g","contentUrl":"https:\/\/secure.gravatar.com\/avatar\/79b185d16f6dfc083a429bb61bd828441848e5289b10b3da225f19bfa17734bb?s=96&d=mm&r=g","caption":"Fortram"},"sameAs":["https:\/\/fortram.site\/wordpress\/iesp\/blog"],"url":"https:\/\/ispmais.com.br\/blog\/?author=1"}]}},"_links":{"self":[{"href":"https:\/\/ispmais.com.br\/blog\/index.php?rest_route=\/wp\/v2\/posts\/6358","targetHints":{"allow":["GET"]}}],"collection":[{"href":"https:\/\/ispmais.com.br\/blog\/index.php?rest_route=\/wp\/v2\/posts"}],"about":[{"href":"https:\/\/ispmais.com.br\/blog\/index.php?rest_route=\/wp\/v2\/types\/post"}],"author":[{"embeddable":true,"href":"https:\/\/ispmais.com.br\/blog\/index.php?rest_route=\/wp\/v2\/users\/1"}],"replies":[{"embeddable":true,"href":"https:\/\/ispmais.com.br\/blog\/index.php?rest_route=%2Fwp%2Fv2%2Fcomments&post=6358"}],"version-history":[{"count":0,"href":"https:\/\/ispmais.com.br\/blog\/index.php?rest_route=\/wp\/v2\/posts\/6358\/revisions"}],"wp:featuredmedia":[{"embeddable":true,"href":"https:\/\/ispmais.com.br\/blog\/index.php?rest_route=\/wp\/v2\/media\/6359"}],"wp:attachment":[{"href":"https:\/\/ispmais.com.br\/blog\/index.php?rest_route=%2Fwp%2Fv2%2Fmedia&parent=6358"}],"wp:term":[{"taxonomy":"category","embeddable":true,"href":"https:\/\/ispmais.com.br\/blog\/index.php?rest_route=%2Fwp%2Fv2%2Fcategories&post=6358"},{"taxonomy":"post_tag","embeddable":true,"href":"https:\/\/ispmais.com.br\/blog\/index.php?rest_route=%2Fwp%2Fv2%2Ftags&post=6358"}],"curies":[{"name":"wp","href":"https:\/\/api.w.org\/{rel}","templated":true}]}}