{"id":6497,"date":"2022-11-29T08:00:00","date_gmt":"2022-11-29T11:00:00","guid":{"rendered":"https:\/\/www.ispblog.com.br\/?p=6497"},"modified":"2022-11-29T08:00:00","modified_gmt":"2022-11-29T11:00:00","slug":"o-que-esperar-do-5g","status":"publish","type":"post","link":"https:\/\/ispmais.com.br\/blog\/?p=6497","title":{"rendered":"O que esperar do 5G?"},"content":{"rendered":"\n<figure class=\"wp-block-image size-full\"><img loading=\"lazy\" decoding=\"async\" width=\"1000\" height=\"700\" src=\"https:\/\/www.ispblog.com.br\/wp-content\/uploads\/2022\/10\/o-que-esperar-do-5g.jpg\" alt=\"\" class=\"wp-image-6498\" srcset=\"https:\/\/ispmais.com.br\/blog\/wp-content\/uploads\/2022\/10\/o-que-esperar-do-5g.jpg 1000w, https:\/\/ispmais.com.br\/blog\/wp-content\/uploads\/2022\/10\/o-que-esperar-do-5g-300x210.jpg 300w, https:\/\/ispmais.com.br\/blog\/wp-content\/uploads\/2022\/10\/o-que-esperar-do-5g-768x538.jpg 768w, https:\/\/ispmais.com.br\/blog\/wp-content\/uploads\/2022\/10\/o-que-esperar-do-5g-150x105.jpg 150w, https:\/\/ispmais.com.br\/blog\/wp-content\/uploads\/2022\/10\/o-que-esperar-do-5g-696x487.jpg 696w\" sizes=\"auto, (max-width: 1000px) 100vw, 1000px\" \/><\/figure>\n\n\n\n<p>O leil\u00e3o aconteceu e a Anatel consagrou a possibilidade de participa\u00e7\u00e3o das prestadoras de pequeno porte. Quem participou, ganhou e depois desistiu, ser\u00e1 duramente penalizado. A conduta da Ag\u00eancia foi, ao longo de todo o processo de consulta p\u00fablica, desenho das faixas e dos seus compromissos de abrang\u00eancia, impec\u00e1vel.<\/p>\n\n\n\n<p>O que \u00e9 certo: o advento do 5G inaugura uma nova fase na conectividade das pessoas e das coisas e seu foco n\u00e3o est\u00e1 somente no incremento de taxas de transmiss\u00e3o dos servi\u00e7os m\u00f3veis, mas principalmente na especifica\u00e7\u00e3o de servi\u00e7os que permitam o atendimento a diferentes aplica\u00e7\u00f5es.<\/p>\n\n\n\n<p>N\u00e3o ache isso distante ou irrelevante para o seu provedor. Tenha clareza e conhe\u00e7a as particularidades dessa tecnologia. Temos esse dever para com nossos clientes e nossas empresas.<\/p>\n\n\n\n<p>Come\u00e7ando com um exemplo: o maior impacto dos compromissos de abrang\u00eancia ser\u00e1 a amplia\u00e7\u00e3o da rede 4G. Sabemos que, para algumas localidades do pa\u00eds, com poder aquisitivo mais baixo, a oferta da banda larga m\u00f3vel ainda impacta a oferta da banda larga fixa. Esteja atento a isso.<\/p>\n\n\n\n<p>Outro compromisso de abrang\u00eancia diretamente relacionado \u00e0s nossas redes de acesso envolve a possibilidade de atendimento das escolas p\u00fablicas da educa\u00e7\u00e3o b\u00e1sica. Caber\u00e1 ao Grupo de Acompanhamento do Custeio \u00e0 Projetos de Conectividade de Escolas (Gape) definir os crit\u00e9rios, metas e os prazos para esse atendimento. Atente-se aos chamamentos p\u00fablicos que est\u00e3o por vir.<\/p>\n\n\n\n<p>No Brasil, foram leiloadas as faixas de 700 MHz, 2,3 GHz, 3,5GHz e 26 GHz. Temos aqui uma mistura de bandas baixas (as chamadas sobras dos 700 MHz), bandas m\u00e9dias (2,3 GHz e 3,5 GHz) e bandas altas acima de 6 GHz (incluindo as ondas milim\u00e9tricas de 26 GHz, conhecida como mmWave).<\/p>\n\n\n\n<p>Dito isso, alguns destaques: a faixa de 2,3 GHz, mais utilizada no mundo para a tecnologia LTE TDD, pode e deve ser associada ao atual leque de frequ\u00eancias LTE FDD em uso. Essa faixa foi padronizada no 3GPP para a tecnologia 5G NR como Banda n40. Tamb\u00e9m, os compromissos de abrang\u00eancia associados \u00e0s autoriza\u00e7\u00f5es em 2,3 GHz, ou seja, o atendimento a munic\u00edpios abaixo de 30 (trinta) mil habitantes, confere mais f\u00f4lego ao 4G ao complementar a gama de espectro atual das grandes operadoras.<\/p>\n\n\n\n<p>J\u00e1 a faixa de 26 GHz ser\u00e1 habilitadora de novos neg\u00f3cios em que se precisa de baix\u00edssima lat\u00eancia e cobertura limitada, como o Fixed Wireless Service de ultra velocidade, a automa\u00e7\u00e3o industrial e a manipula\u00e7\u00e3o de objetos. Tamb\u00e9m, h\u00e1 a expectativa de que o 5G possibilite cobertura da rede de dados em grandes dist\u00e2ncias, com foco em \u00e1reas rurais ou regi\u00f5es com baixa densidade populacional, especialmente atrav\u00e9s dessa faixa.<\/p>\n\n\n\n<p>O movimento do 5G certamente vai acelerar a procura por novas arquiteturas virtualizadas com interfaces de rede abertas, capazes de aumentar a efici\u00eancia de custos e realocar o papel (e a colabora\u00e7\u00e3o) da ind\u00fastria que atende a todos n\u00f3s. Enquanto provedores, devemos conhecer esses movimentos de (re)padroniza\u00e7\u00e3o tecnol\u00f3gica.<\/p>\n\n\n\n<p>J\u00e1 estamos vendo, nas capitais, o aumento do tr\u00e1fego das grandes operadoras vencedoras das faixas. Isso j\u00e1 era esperado desde antes do edital. Ainda n\u00e3o temos plena clareza sobre a desocupa\u00e7\u00e3o da faixa de 3.625 MHz a 3.700 MHz (banda C estendida) pelas redes profissionais satelitais e a ado\u00e7\u00e3o da estrat\u00e9gia de migra\u00e7\u00e3o para a banda Ku, n\u00e3o sendo plenamente poss\u00edvel a compreens\u00e3o do interesse na recep\u00e7\u00e3o do sinal de televis\u00e3o aberta e gratuita pela popula\u00e7\u00e3o.<\/p>\n\n\n\n<p>Para o mercado corporativo, as aplica\u00e7\u00f5es das ondas milim\u00e9tricas do 5G revolucionar\u00e3o a experi\u00eancia em nuvem de in\u00fameras tarefas e demandas de TI, que deixam de estar \u201crestritas\u201d ao processamento do laptop do usu\u00e1rio, por exemplo.<\/p>\n\n\n\n<p>J\u00e1 na ind\u00fastria, as possibilidades de ganho de escala e competitividade com o 5G s\u00e3o ilimitadas, especialmente em rela\u00e7\u00e3o ao cen\u00e1rio de uso do 5G para URLLC e automa\u00e7\u00f5es fabris e a conectividade de dispositivos em \u00e1reas extensas.<\/p>\n\n\n\n<p>A obriga\u00e7\u00e3o das operadoras de \u201cinvestir do zero\u201d, atrav\u00e9s do estabelecimento pela Anatel, via edital, do padr\u00e3o de redes igual ao superior ao 5G NR Release 16 do 3GPP (conhecidas como rede stand-alone) coloca o Brasil \u00e0 frente de outros pa\u00edses, inclusive daqueles que j\u00e1 despontam com solu\u00e7\u00f5es 5G, liderados pelo EUA e pela Cor\u00e9ia do Sul, seguido pelo Reino Unido, Espanha, Alemanha e China, nessa ordem.<\/p>\n\n\n\n<p>N\u00e3o se espera que o 5G substitua as tecnologias anteriores, mas sim que trabalhem em conjunto, de forma a contribuir para que os servi\u00e7os operem da maneira mais eficiente poss\u00edvel. Nossas redes podem e devem dar vaz\u00e3o a esse incremento de tr\u00e1fego. O recado da ABRINT \u00e9 claro: conhecer e se preparar \u00e9 se permitir exercer poder de mercado.<\/p>\n\n\n\n<p>Autora: Cristiane Sanches &#8211; Conselheira da ABRINT &#8211; tem vasta experi\u00eancia profissional em pol\u00edtica regulat\u00f3ria de telecomunica\u00e7\u00f5es e tributa\u00e7\u00e3o. Tamb\u00e9m \u00e9 membro do Conselho do LAC-ISP.<\/p>\n","protected":false},"excerpt":{"rendered":"<p>O leil\u00e3o aconteceu e a Anatel consagrou a possibilidade de participa\u00e7\u00e3o das prestadoras de pequeno porte. Quem participou, ganhou e depois desistiu, ser\u00e1 duramente penalizado. A conduta da Ag\u00eancia foi, ao longo de todo o processo de consulta p\u00fablica, desenho das faixas e dos seus compromissos de abrang\u00eancia, impec\u00e1vel. O que \u00e9 certo: o advento [&hellip;]<\/p>\n","protected":false},"author":1,"featured_media":6498,"comment_status":"open","ping_status":"open","sticky":false,"template":"","format":"standard","meta":{"footnotes":""},"categories":[1],"tags":[],"class_list":{"0":"post-6497","1":"post","2":"type-post","3":"status-publish","4":"format-standard","5":"has-post-thumbnail","7":"category-sem-categoria"},"yoast_head":"<!-- This site is optimized with the Yoast SEO plugin v25.7 - https:\/\/yoast.com\/wordpress\/plugins\/seo\/ -->\n<title>O que esperar do 5G?<\/title>\n<meta name=\"description\" content=\"O que \u00e9 certo: o advento do 5G inaugura uma nova fase na conectividade das pessoas e das coisas e seu foco n\u00e3o est\u00e1 somente\" \/>\n<meta name=\"robots\" content=\"index, follow, max-snippet:-1, max-image-preview:large, max-video-preview:-1\" \/>\n<link rel=\"canonical\" href=\"https:\/\/ispmais.com.br\/blog\/?p=6497\" \/>\n<meta property=\"og:locale\" content=\"pt_BR\" \/>\n<meta property=\"og:type\" content=\"article\" \/>\n<meta property=\"og:title\" content=\"O que esperar do 5G?\" \/>\n<meta property=\"og:description\" content=\"O que \u00e9 certo: o advento do 5G inaugura uma nova fase na conectividade das pessoas e das coisas e seu foco n\u00e3o est\u00e1 somente\" \/>\n<meta property=\"og:url\" content=\"https:\/\/ispmais.com.br\/blog\/?p=6497\" \/>\n<meta property=\"og:site_name\" content=\"ISP Blog\" \/>\n<meta property=\"article:published_time\" content=\"2022-11-29T11:00:00+00:00\" \/>\n<meta property=\"og:image\" content=\"https:\/\/ispmais.com.br\/blog\/wp-content\/uploads\/2022\/10\/o-que-esperar-do-5g.jpg\" \/>\n\t<meta property=\"og:image:width\" content=\"1000\" \/>\n\t<meta property=\"og:image:height\" content=\"700\" \/>\n\t<meta property=\"og:image:type\" content=\"image\/jpeg\" \/>\n<meta name=\"author\" content=\"Fortram\" \/>\n<meta name=\"twitter:card\" content=\"summary_large_image\" \/>\n<meta name=\"twitter:label1\" content=\"Escrito por\" \/>\n\t<meta name=\"twitter:data1\" content=\"Fortram\" \/>\n\t<meta name=\"twitter:label2\" content=\"Est. tempo de leitura\" \/>\n\t<meta name=\"twitter:data2\" content=\"4 minutos\" \/>\n<script type=\"application\/ld+json\" class=\"yoast-schema-graph\">{\"@context\":\"https:\/\/schema.org\",\"@graph\":[{\"@type\":\"WebPage\",\"@id\":\"https:\/\/ispmais.com.br\/blog\/?p=6497\",\"url\":\"https:\/\/ispmais.com.br\/blog\/?p=6497\",\"name\":\"O que esperar do 5G?\",\"isPartOf\":{\"@id\":\"https:\/\/ispmais.com.br\/blog\/#website\"},\"primaryImageOfPage\":{\"@id\":\"https:\/\/ispmais.com.br\/blog\/?p=6497#primaryimage\"},\"image\":{\"@id\":\"https:\/\/ispmais.com.br\/blog\/?p=6497#primaryimage\"},\"thumbnailUrl\":\"https:\/\/ispmais.com.br\/blog\/wp-content\/uploads\/2022\/10\/o-que-esperar-do-5g.jpg\",\"datePublished\":\"2022-11-29T11:00:00+00:00\",\"author\":{\"@id\":\"https:\/\/ispmais.com.br\/blog\/#\/schema\/person\/2023c1dff35852622ecd24558fc9510d\"},\"description\":\"O que \u00e9 certo: o advento do 5G inaugura uma nova fase na conectividade das pessoas e das coisas e seu foco n\u00e3o est\u00e1 somente\",\"breadcrumb\":{\"@id\":\"https:\/\/ispmais.com.br\/blog\/?p=6497#breadcrumb\"},\"inLanguage\":\"pt-BR\",\"potentialAction\":[{\"@type\":\"ReadAction\",\"target\":[\"https:\/\/ispmais.com.br\/blog\/?p=6497\"]}]},{\"@type\":\"ImageObject\",\"inLanguage\":\"pt-BR\",\"@id\":\"https:\/\/ispmais.com.br\/blog\/?p=6497#primaryimage\",\"url\":\"https:\/\/ispmais.com.br\/blog\/wp-content\/uploads\/2022\/10\/o-que-esperar-do-5g.jpg\",\"contentUrl\":\"https:\/\/ispmais.com.br\/blog\/wp-content\/uploads\/2022\/10\/o-que-esperar-do-5g.jpg\",\"width\":1000,\"height\":700},{\"@type\":\"BreadcrumbList\",\"@id\":\"https:\/\/ispmais.com.br\/blog\/?p=6497#breadcrumb\",\"itemListElement\":[{\"@type\":\"ListItem\",\"position\":1,\"name\":\"Home\",\"item\":\"https:\/\/ispmais.com.br\/blog\/\"},{\"@type\":\"ListItem\",\"position\":2,\"name\":\"O que esperar do 5G?\"}]},{\"@type\":\"WebSite\",\"@id\":\"https:\/\/ispmais.com.br\/blog\/#website\",\"url\":\"https:\/\/ispmais.com.br\/blog\/\",\"name\":\"ISP Blog\",\"description\":\"\",\"potentialAction\":[{\"@type\":\"SearchAction\",\"target\":{\"@type\":\"EntryPoint\",\"urlTemplate\":\"https:\/\/ispmais.com.br\/blog\/?s={search_term_string}\"},\"query-input\":{\"@type\":\"PropertyValueSpecification\",\"valueRequired\":true,\"valueName\":\"search_term_string\"}}],\"inLanguage\":\"pt-BR\"},{\"@type\":\"Person\",\"@id\":\"https:\/\/ispmais.com.br\/blog\/#\/schema\/person\/2023c1dff35852622ecd24558fc9510d\",\"name\":\"Fortram\",\"image\":{\"@type\":\"ImageObject\",\"inLanguage\":\"pt-BR\",\"@id\":\"https:\/\/ispmais.com.br\/blog\/#\/schema\/person\/image\/\",\"url\":\"https:\/\/secure.gravatar.com\/avatar\/79b185d16f6dfc083a429bb61bd828441848e5289b10b3da225f19bfa17734bb?s=96&d=mm&r=g\",\"contentUrl\":\"https:\/\/secure.gravatar.com\/avatar\/79b185d16f6dfc083a429bb61bd828441848e5289b10b3da225f19bfa17734bb?s=96&d=mm&r=g\",\"caption\":\"Fortram\"},\"sameAs\":[\"https:\/\/fortram.site\/wordpress\/iesp\/blog\"],\"url\":\"https:\/\/ispmais.com.br\/blog\/?author=1\"}]}<\/script>\n<!-- \/ Yoast SEO plugin. -->","yoast_head_json":{"title":"O que esperar do 5G?","description":"O que \u00e9 certo: o advento do 5G inaugura uma nova fase na conectividade das pessoas e das coisas e seu foco n\u00e3o est\u00e1 somente","robots":{"index":"index","follow":"follow","max-snippet":"max-snippet:-1","max-image-preview":"max-image-preview:large","max-video-preview":"max-video-preview:-1"},"canonical":"https:\/\/ispmais.com.br\/blog\/?p=6497","og_locale":"pt_BR","og_type":"article","og_title":"O que esperar do 5G?","og_description":"O que \u00e9 certo: o advento do 5G inaugura uma nova fase na conectividade das pessoas e das coisas e seu foco n\u00e3o est\u00e1 somente","og_url":"https:\/\/ispmais.com.br\/blog\/?p=6497","og_site_name":"ISP Blog","article_published_time":"2022-11-29T11:00:00+00:00","og_image":[{"width":1000,"height":700,"url":"https:\/\/ispmais.com.br\/blog\/wp-content\/uploads\/2022\/10\/o-que-esperar-do-5g.jpg","type":"image\/jpeg"}],"author":"Fortram","twitter_card":"summary_large_image","twitter_misc":{"Escrito por":"Fortram","Est. tempo de leitura":"4 minutos"},"schema":{"@context":"https:\/\/schema.org","@graph":[{"@type":"WebPage","@id":"https:\/\/ispmais.com.br\/blog\/?p=6497","url":"https:\/\/ispmais.com.br\/blog\/?p=6497","name":"O que esperar do 5G?","isPartOf":{"@id":"https:\/\/ispmais.com.br\/blog\/#website"},"primaryImageOfPage":{"@id":"https:\/\/ispmais.com.br\/blog\/?p=6497#primaryimage"},"image":{"@id":"https:\/\/ispmais.com.br\/blog\/?p=6497#primaryimage"},"thumbnailUrl":"https:\/\/ispmais.com.br\/blog\/wp-content\/uploads\/2022\/10\/o-que-esperar-do-5g.jpg","datePublished":"2022-11-29T11:00:00+00:00","author":{"@id":"https:\/\/ispmais.com.br\/blog\/#\/schema\/person\/2023c1dff35852622ecd24558fc9510d"},"description":"O que \u00e9 certo: o advento do 5G inaugura uma nova fase na conectividade das pessoas e das coisas e seu foco n\u00e3o est\u00e1 somente","breadcrumb":{"@id":"https:\/\/ispmais.com.br\/blog\/?p=6497#breadcrumb"},"inLanguage":"pt-BR","potentialAction":[{"@type":"ReadAction","target":["https:\/\/ispmais.com.br\/blog\/?p=6497"]}]},{"@type":"ImageObject","inLanguage":"pt-BR","@id":"https:\/\/ispmais.com.br\/blog\/?p=6497#primaryimage","url":"https:\/\/ispmais.com.br\/blog\/wp-content\/uploads\/2022\/10\/o-que-esperar-do-5g.jpg","contentUrl":"https:\/\/ispmais.com.br\/blog\/wp-content\/uploads\/2022\/10\/o-que-esperar-do-5g.jpg","width":1000,"height":700},{"@type":"BreadcrumbList","@id":"https:\/\/ispmais.com.br\/blog\/?p=6497#breadcrumb","itemListElement":[{"@type":"ListItem","position":1,"name":"Home","item":"https:\/\/ispmais.com.br\/blog\/"},{"@type":"ListItem","position":2,"name":"O que esperar do 5G?"}]},{"@type":"WebSite","@id":"https:\/\/ispmais.com.br\/blog\/#website","url":"https:\/\/ispmais.com.br\/blog\/","name":"ISP Blog","description":"","potentialAction":[{"@type":"SearchAction","target":{"@type":"EntryPoint","urlTemplate":"https:\/\/ispmais.com.br\/blog\/?s={search_term_string}"},"query-input":{"@type":"PropertyValueSpecification","valueRequired":true,"valueName":"search_term_string"}}],"inLanguage":"pt-BR"},{"@type":"Person","@id":"https:\/\/ispmais.com.br\/blog\/#\/schema\/person\/2023c1dff35852622ecd24558fc9510d","name":"Fortram","image":{"@type":"ImageObject","inLanguage":"pt-BR","@id":"https:\/\/ispmais.com.br\/blog\/#\/schema\/person\/image\/","url":"https:\/\/secure.gravatar.com\/avatar\/79b185d16f6dfc083a429bb61bd828441848e5289b10b3da225f19bfa17734bb?s=96&d=mm&r=g","contentUrl":"https:\/\/secure.gravatar.com\/avatar\/79b185d16f6dfc083a429bb61bd828441848e5289b10b3da225f19bfa17734bb?s=96&d=mm&r=g","caption":"Fortram"},"sameAs":["https:\/\/fortram.site\/wordpress\/iesp\/blog"],"url":"https:\/\/ispmais.com.br\/blog\/?author=1"}]}},"_links":{"self":[{"href":"https:\/\/ispmais.com.br\/blog\/index.php?rest_route=\/wp\/v2\/posts\/6497","targetHints":{"allow":["GET"]}}],"collection":[{"href":"https:\/\/ispmais.com.br\/blog\/index.php?rest_route=\/wp\/v2\/posts"}],"about":[{"href":"https:\/\/ispmais.com.br\/blog\/index.php?rest_route=\/wp\/v2\/types\/post"}],"author":[{"embeddable":true,"href":"https:\/\/ispmais.com.br\/blog\/index.php?rest_route=\/wp\/v2\/users\/1"}],"replies":[{"embeddable":true,"href":"https:\/\/ispmais.com.br\/blog\/index.php?rest_route=%2Fwp%2Fv2%2Fcomments&post=6497"}],"version-history":[{"count":0,"href":"https:\/\/ispmais.com.br\/blog\/index.php?rest_route=\/wp\/v2\/posts\/6497\/revisions"}],"wp:featuredmedia":[{"embeddable":true,"href":"https:\/\/ispmais.com.br\/blog\/index.php?rest_route=\/wp\/v2\/media\/6498"}],"wp:attachment":[{"href":"https:\/\/ispmais.com.br\/blog\/index.php?rest_route=%2Fwp%2Fv2%2Fmedia&parent=6497"}],"wp:term":[{"taxonomy":"category","embeddable":true,"href":"https:\/\/ispmais.com.br\/blog\/index.php?rest_route=%2Fwp%2Fv2%2Fcategories&post=6497"},{"taxonomy":"post_tag","embeddable":true,"href":"https:\/\/ispmais.com.br\/blog\/index.php?rest_route=%2Fwp%2Fv2%2Ftags&post=6497"}],"curies":[{"name":"wp","href":"https:\/\/api.w.org\/{rel}","templated":true}]}}