{"id":6589,"date":"2023-02-15T08:00:00","date_gmt":"2023-02-15T11:00:00","guid":{"rendered":"https:\/\/www.ispblog.com.br\/?p=6589"},"modified":"2023-02-15T08:00:00","modified_gmt":"2023-02-15T11:00:00","slug":"abramulti-2023","status":"publish","type":"post","link":"https:\/\/ispmais.com.br\/blog\/?p=6589","title":{"rendered":"Vem A\u00ed Mais Uma Edi\u00e7\u00e3o do Evento da Abramulti"},"content":{"rendered":"\n<figure class=\"wp-block-image size-full\"><img loading=\"lazy\" decoding=\"async\" width=\"740\" height=\"577\" src=\"https:\/\/www.ispblog.com.br\/wp-content\/uploads\/2023\/02\/imagem-abramulti-blog.png\" alt=\"\" class=\"wp-image-6590\" srcset=\"https:\/\/ispmais.com.br\/blog\/wp-content\/uploads\/2023\/02\/imagem-abramulti-blog.png 740w, https:\/\/ispmais.com.br\/blog\/wp-content\/uploads\/2023\/02\/imagem-abramulti-blog-300x234.png 300w, https:\/\/ispmais.com.br\/blog\/wp-content\/uploads\/2023\/02\/imagem-abramulti-blog-150x117.png 150w, https:\/\/ispmais.com.br\/blog\/wp-content\/uploads\/2023\/02\/imagem-abramulti-blog-696x543.png 696w\" sizes=\"auto, (max-width: 740px) 100vw, 740px\" \/><\/figure>\n\n\n\n<p>Vem a\u00ed mais uma edi\u00e7\u00e3o do Evento da Abramulti &#8211; Associa\u00e7\u00e3o Brasileira dos Operadores de Telecomunica\u00e7\u00f5es e Provedores de Internet, um evento que se posicionou como um dos mais importantes e maiores do pa\u00eds.<\/p>\n\n\n\n<p>O evento chama aten\u00e7\u00e3o n\u00e3o somente pela preocupa\u00e7\u00e3o em levar bons expositores mas tamb\u00e9m em tornar o ambiente agrad\u00e1vel, levando experi\u00eancias diferentes ao p\u00fablico presente.<\/p>\n\n\n\n<p>Jony Cruz que \u00e9 Vice Presidente da entidade explica que \u201c Nossa pretens\u00e3o n\u00e3o \u00e9 ser o maior evento do pa\u00eds, pois entendemos que todos eles, de todas as associa\u00e7\u00f5es s\u00e3o extremamente importantes para todo o ecossistema cada vez mais crescente e maduro dos provedores. Nosso evento j\u00e1 \u00e9 o maior de Minas e um dos maiores do Brasil, mas queremos nos posicionar como o mais inovador, trazendo conte\u00fado e entretenimento\u201d.<\/p>\n\n\n\n<p>O Evento da Abramulti foi o primeiro evento do seguimento de provedores a ser tem\u00e1tico no Brasil, sempre associando os temas a algo semelhante \u00e0 hist\u00f3ria do provedores ou que transite sobre a influ\u00eancia da internet.<\/p>\n\n\n\n<p>No ano de 2019 foi contada a hist\u00f3ria das cervejarias artesanais que tal como os provedores cresceram desafiando os grandes monop\u00f3lios industriais, nascendo e se posicionando em per\u00edodo igual e neste evento j\u00e1 foi criado o conceito de \u00e1rea \u00fanica de entretenimento com shows introduzidos no evento e com todos confraternizando juntos com chopp distribu\u00eddo pela Associa\u00e7\u00e3o, gerando mais networking.<\/p>\n\n\n\n<p>P\u00f3s pandemia no ano de 2022 com a volta dos eventos o evento cresceu ainda mais e foi para o Expominas, contando dessa vez a hist\u00f3ria do r\u00e1dio como a primeira rede social existente e tamb\u00e9m introduzindo elementos regionais Mineiros e dessa vez com shows de grande porte como Jota Quest, Danilo Reis e Rafel, L\u00f4 Borges e Jo\u00e3o Lucas e Diogo.<\/p>\n\n\n\n<p>Em 2023 chegou a hora de contar a hist\u00f3ria da evolu\u00e7\u00e3o dos jogos eletr\u00f4nicos no Abramulti Gametronics 2023 \u2013 Do Atari ao Metaverso, onde teremos a oportunidade de conhecer e jogar todos os consoles desde o atari at\u00e9 os dias atuais, al\u00e9m de museu dos jogos eletr\u00f4nicos, cosplay, sala de realidade virtual, palestras e claro expositores de ponta e os j\u00e1 conhecidos e esperados shows, nesse ano teremos dia 29\/03 Wilson Sideral, Biquini Cavad\u00e3o e no dia 30\/03 Marra Pura e pra fechar Jo\u00e3o Bosco e Vin\u00edcius.<\/p>\n\n\n\n<p>As inscri\u00e7\u00f5es e mais informa\u00e7\u00f5es voc\u00ea encontra em <a href=\"http:\/\/evento.abramulti.com.br\/\">evento.abramulti.com.br<\/a>. Vale a pena conferir de perto.<\/p>\n","protected":false},"excerpt":{"rendered":"<p>Vem a\u00ed mais uma edi\u00e7\u00e3o do Evento da Abramulti &#8211; Associa\u00e7\u00e3o Brasileira dos Operadores de Telecomunica\u00e7\u00f5es e Provedores de Internet, um evento que se posicionou como um dos mais importantes e maiores do pa\u00eds. O evento chama aten\u00e7\u00e3o n\u00e3o somente pela preocupa\u00e7\u00e3o em levar bons expositores mas tamb\u00e9m em tornar o ambiente agrad\u00e1vel, levando experi\u00eancias [&hellip;]<\/p>\n","protected":false},"author":1,"featured_media":6590,"comment_status":"open","ping_status":"open","sticky":false,"template":"","format":"standard","meta":{"footnotes":""},"categories":[1],"tags":[],"class_list":{"0":"post-6589","1":"post","2":"type-post","3":"status-publish","4":"format-standard","5":"has-post-thumbnail","7":"category-sem-categoria"},"yoast_head":"<!-- This site is optimized with the Yoast SEO plugin v25.7 - https:\/\/yoast.com\/wordpress\/plugins\/seo\/ -->\n<title>Vem A\u00ed Mais Uma Edi\u00e7\u00e3o do Evento da Abramulti<\/title>\n<meta name=\"description\" content=\"Vem a\u00ed mais uma edi\u00e7\u00e3o do Evento da Abramulti, um evento que se posicionou como um dos mais importantes e maiores do pa\u00eds.\" \/>\n<meta name=\"robots\" content=\"index, follow, max-snippet:-1, max-image-preview:large, max-video-preview:-1\" \/>\n<link rel=\"canonical\" href=\"https:\/\/ispmais.com.br\/blog\/?p=6589\" \/>\n<meta property=\"og:locale\" content=\"pt_BR\" \/>\n<meta property=\"og:type\" content=\"article\" \/>\n<meta property=\"og:title\" content=\"Vem A\u00ed Mais Uma Edi\u00e7\u00e3o do Evento da Abramulti\" \/>\n<meta property=\"og:description\" content=\"Vem a\u00ed mais uma edi\u00e7\u00e3o do Evento da Abramulti, um evento que se posicionou como um dos mais importantes e maiores do pa\u00eds.\" \/>\n<meta property=\"og:url\" content=\"https:\/\/ispmais.com.br\/blog\/?p=6589\" \/>\n<meta property=\"og:site_name\" content=\"ISP Blog\" \/>\n<meta property=\"article:published_time\" content=\"2023-02-15T11:00:00+00:00\" \/>\n<meta property=\"og:image\" content=\"https:\/\/ispmais.com.br\/blog\/wp-content\/uploads\/2023\/02\/imagem-abramulti-blog.png\" \/>\n\t<meta property=\"og:image:width\" content=\"740\" \/>\n\t<meta property=\"og:image:height\" content=\"577\" \/>\n\t<meta property=\"og:image:type\" content=\"image\/png\" \/>\n<meta name=\"author\" content=\"Fortram\" \/>\n<meta name=\"twitter:card\" content=\"summary_large_image\" \/>\n<meta name=\"twitter:label1\" content=\"Escrito por\" \/>\n\t<meta name=\"twitter:data1\" content=\"Fortram\" \/>\n\t<meta name=\"twitter:label2\" content=\"Est. tempo de leitura\" \/>\n\t<meta name=\"twitter:data2\" content=\"2 minutos\" \/>\n<script type=\"application\/ld+json\" class=\"yoast-schema-graph\">{\"@context\":\"https:\/\/schema.org\",\"@graph\":[{\"@type\":\"WebPage\",\"@id\":\"https:\/\/ispmais.com.br\/blog\/?p=6589\",\"url\":\"https:\/\/ispmais.com.br\/blog\/?p=6589\",\"name\":\"Vem A\u00ed Mais Uma Edi\u00e7\u00e3o do Evento da Abramulti\",\"isPartOf\":{\"@id\":\"https:\/\/ispmais.com.br\/blog\/#website\"},\"primaryImageOfPage\":{\"@id\":\"https:\/\/ispmais.com.br\/blog\/?p=6589#primaryimage\"},\"image\":{\"@id\":\"https:\/\/ispmais.com.br\/blog\/?p=6589#primaryimage\"},\"thumbnailUrl\":\"https:\/\/ispmais.com.br\/blog\/wp-content\/uploads\/2023\/02\/imagem-abramulti-blog.png\",\"datePublished\":\"2023-02-15T11:00:00+00:00\",\"author\":{\"@id\":\"https:\/\/ispmais.com.br\/blog\/#\/schema\/person\/2023c1dff35852622ecd24558fc9510d\"},\"description\":\"Vem a\u00ed mais uma edi\u00e7\u00e3o do Evento da Abramulti, um evento que se posicionou como um dos mais importantes e maiores do pa\u00eds.\",\"breadcrumb\":{\"@id\":\"https:\/\/ispmais.com.br\/blog\/?p=6589#breadcrumb\"},\"inLanguage\":\"pt-BR\",\"potentialAction\":[{\"@type\":\"ReadAction\",\"target\":[\"https:\/\/ispmais.com.br\/blog\/?p=6589\"]}]},{\"@type\":\"ImageObject\",\"inLanguage\":\"pt-BR\",\"@id\":\"https:\/\/ispmais.com.br\/blog\/?p=6589#primaryimage\",\"url\":\"https:\/\/ispmais.com.br\/blog\/wp-content\/uploads\/2023\/02\/imagem-abramulti-blog.png\",\"contentUrl\":\"https:\/\/ispmais.com.br\/blog\/wp-content\/uploads\/2023\/02\/imagem-abramulti-blog.png\",\"width\":740,\"height\":577},{\"@type\":\"BreadcrumbList\",\"@id\":\"https:\/\/ispmais.com.br\/blog\/?p=6589#breadcrumb\",\"itemListElement\":[{\"@type\":\"ListItem\",\"position\":1,\"name\":\"Home\",\"item\":\"https:\/\/ispmais.com.br\/blog\/\"},{\"@type\":\"ListItem\",\"position\":2,\"name\":\"Vem A\u00ed Mais Uma Edi\u00e7\u00e3o do Evento da Abramulti\"}]},{\"@type\":\"WebSite\",\"@id\":\"https:\/\/ispmais.com.br\/blog\/#website\",\"url\":\"https:\/\/ispmais.com.br\/blog\/\",\"name\":\"ISP Blog\",\"description\":\"\",\"potentialAction\":[{\"@type\":\"SearchAction\",\"target\":{\"@type\":\"EntryPoint\",\"urlTemplate\":\"https:\/\/ispmais.com.br\/blog\/?s={search_term_string}\"},\"query-input\":{\"@type\":\"PropertyValueSpecification\",\"valueRequired\":true,\"valueName\":\"search_term_string\"}}],\"inLanguage\":\"pt-BR\"},{\"@type\":\"Person\",\"@id\":\"https:\/\/ispmais.com.br\/blog\/#\/schema\/person\/2023c1dff35852622ecd24558fc9510d\",\"name\":\"Fortram\",\"image\":{\"@type\":\"ImageObject\",\"inLanguage\":\"pt-BR\",\"@id\":\"https:\/\/ispmais.com.br\/blog\/#\/schema\/person\/image\/\",\"url\":\"https:\/\/secure.gravatar.com\/avatar\/79b185d16f6dfc083a429bb61bd828441848e5289b10b3da225f19bfa17734bb?s=96&d=mm&r=g\",\"contentUrl\":\"https:\/\/secure.gravatar.com\/avatar\/79b185d16f6dfc083a429bb61bd828441848e5289b10b3da225f19bfa17734bb?s=96&d=mm&r=g\",\"caption\":\"Fortram\"},\"sameAs\":[\"https:\/\/fortram.site\/wordpress\/iesp\/blog\"],\"url\":\"https:\/\/ispmais.com.br\/blog\/?author=1\"}]}<\/script>\n<!-- \/ Yoast SEO plugin. -->","yoast_head_json":{"title":"Vem A\u00ed Mais Uma Edi\u00e7\u00e3o do Evento da Abramulti","description":"Vem a\u00ed mais uma edi\u00e7\u00e3o do Evento da Abramulti, um evento que se posicionou como um dos mais importantes e maiores do pa\u00eds.","robots":{"index":"index","follow":"follow","max-snippet":"max-snippet:-1","max-image-preview":"max-image-preview:large","max-video-preview":"max-video-preview:-1"},"canonical":"https:\/\/ispmais.com.br\/blog\/?p=6589","og_locale":"pt_BR","og_type":"article","og_title":"Vem A\u00ed Mais Uma Edi\u00e7\u00e3o do Evento da Abramulti","og_description":"Vem a\u00ed mais uma edi\u00e7\u00e3o do Evento da Abramulti, um evento que se posicionou como um dos mais importantes e maiores do pa\u00eds.","og_url":"https:\/\/ispmais.com.br\/blog\/?p=6589","og_site_name":"ISP Blog","article_published_time":"2023-02-15T11:00:00+00:00","og_image":[{"width":740,"height":577,"url":"https:\/\/ispmais.com.br\/blog\/wp-content\/uploads\/2023\/02\/imagem-abramulti-blog.png","type":"image\/png"}],"author":"Fortram","twitter_card":"summary_large_image","twitter_misc":{"Escrito por":"Fortram","Est. tempo de leitura":"2 minutos"},"schema":{"@context":"https:\/\/schema.org","@graph":[{"@type":"WebPage","@id":"https:\/\/ispmais.com.br\/blog\/?p=6589","url":"https:\/\/ispmais.com.br\/blog\/?p=6589","name":"Vem A\u00ed Mais Uma Edi\u00e7\u00e3o do Evento da Abramulti","isPartOf":{"@id":"https:\/\/ispmais.com.br\/blog\/#website"},"primaryImageOfPage":{"@id":"https:\/\/ispmais.com.br\/blog\/?p=6589#primaryimage"},"image":{"@id":"https:\/\/ispmais.com.br\/blog\/?p=6589#primaryimage"},"thumbnailUrl":"https:\/\/ispmais.com.br\/blog\/wp-content\/uploads\/2023\/02\/imagem-abramulti-blog.png","datePublished":"2023-02-15T11:00:00+00:00","author":{"@id":"https:\/\/ispmais.com.br\/blog\/#\/schema\/person\/2023c1dff35852622ecd24558fc9510d"},"description":"Vem a\u00ed mais uma edi\u00e7\u00e3o do Evento da Abramulti, um evento que se posicionou como um dos mais importantes e maiores do pa\u00eds.","breadcrumb":{"@id":"https:\/\/ispmais.com.br\/blog\/?p=6589#breadcrumb"},"inLanguage":"pt-BR","potentialAction":[{"@type":"ReadAction","target":["https:\/\/ispmais.com.br\/blog\/?p=6589"]}]},{"@type":"ImageObject","inLanguage":"pt-BR","@id":"https:\/\/ispmais.com.br\/blog\/?p=6589#primaryimage","url":"https:\/\/ispmais.com.br\/blog\/wp-content\/uploads\/2023\/02\/imagem-abramulti-blog.png","contentUrl":"https:\/\/ispmais.com.br\/blog\/wp-content\/uploads\/2023\/02\/imagem-abramulti-blog.png","width":740,"height":577},{"@type":"BreadcrumbList","@id":"https:\/\/ispmais.com.br\/blog\/?p=6589#breadcrumb","itemListElement":[{"@type":"ListItem","position":1,"name":"Home","item":"https:\/\/ispmais.com.br\/blog\/"},{"@type":"ListItem","position":2,"name":"Vem A\u00ed Mais Uma Edi\u00e7\u00e3o do Evento da Abramulti"}]},{"@type":"WebSite","@id":"https:\/\/ispmais.com.br\/blog\/#website","url":"https:\/\/ispmais.com.br\/blog\/","name":"ISP Blog","description":"","potentialAction":[{"@type":"SearchAction","target":{"@type":"EntryPoint","urlTemplate":"https:\/\/ispmais.com.br\/blog\/?s={search_term_string}"},"query-input":{"@type":"PropertyValueSpecification","valueRequired":true,"valueName":"search_term_string"}}],"inLanguage":"pt-BR"},{"@type":"Person","@id":"https:\/\/ispmais.com.br\/blog\/#\/schema\/person\/2023c1dff35852622ecd24558fc9510d","name":"Fortram","image":{"@type":"ImageObject","inLanguage":"pt-BR","@id":"https:\/\/ispmais.com.br\/blog\/#\/schema\/person\/image\/","url":"https:\/\/secure.gravatar.com\/avatar\/79b185d16f6dfc083a429bb61bd828441848e5289b10b3da225f19bfa17734bb?s=96&d=mm&r=g","contentUrl":"https:\/\/secure.gravatar.com\/avatar\/79b185d16f6dfc083a429bb61bd828441848e5289b10b3da225f19bfa17734bb?s=96&d=mm&r=g","caption":"Fortram"},"sameAs":["https:\/\/fortram.site\/wordpress\/iesp\/blog"],"url":"https:\/\/ispmais.com.br\/blog\/?author=1"}]}},"_links":{"self":[{"href":"https:\/\/ispmais.com.br\/blog\/index.php?rest_route=\/wp\/v2\/posts\/6589","targetHints":{"allow":["GET"]}}],"collection":[{"href":"https:\/\/ispmais.com.br\/blog\/index.php?rest_route=\/wp\/v2\/posts"}],"about":[{"href":"https:\/\/ispmais.com.br\/blog\/index.php?rest_route=\/wp\/v2\/types\/post"}],"author":[{"embeddable":true,"href":"https:\/\/ispmais.com.br\/blog\/index.php?rest_route=\/wp\/v2\/users\/1"}],"replies":[{"embeddable":true,"href":"https:\/\/ispmais.com.br\/blog\/index.php?rest_route=%2Fwp%2Fv2%2Fcomments&post=6589"}],"version-history":[{"count":0,"href":"https:\/\/ispmais.com.br\/blog\/index.php?rest_route=\/wp\/v2\/posts\/6589\/revisions"}],"wp:featuredmedia":[{"embeddable":true,"href":"https:\/\/ispmais.com.br\/blog\/index.php?rest_route=\/wp\/v2\/media\/6590"}],"wp:attachment":[{"href":"https:\/\/ispmais.com.br\/blog\/index.php?rest_route=%2Fwp%2Fv2%2Fmedia&parent=6589"}],"wp:term":[{"taxonomy":"category","embeddable":true,"href":"https:\/\/ispmais.com.br\/blog\/index.php?rest_route=%2Fwp%2Fv2%2Fcategories&post=6589"},{"taxonomy":"post_tag","embeddable":true,"href":"https:\/\/ispmais.com.br\/blog\/index.php?rest_route=%2Fwp%2Fv2%2Ftags&post=6589"}],"curies":[{"name":"wp","href":"https:\/\/api.w.org\/{rel}","templated":true}]}}