{"id":6605,"date":"2023-02-22T08:00:00","date_gmt":"2023-02-22T11:00:00","guid":{"rendered":"https:\/\/www.ispblog.com.br\/?p=6605"},"modified":"2023-02-22T08:00:00","modified_gmt":"2023-02-22T11:00:00","slug":"ibusiness-2023-o-maior-evento-de-isp-do-parana-reunira-palestrantes-renomados-no-brasil","status":"publish","type":"post","link":"https:\/\/ispmais.com.br\/blog\/?p=6605","title":{"rendered":"Ibusiness 2023: O maior evento de ISP do Paran\u00e1 reunir\u00e1 palestrantes renomados no Brasil"},"content":{"rendered":"\n<p>Camila Farani, Arthur Igreja e Rodrigo Pimentel est\u00e3o confirmados no evento promovido pela Redetelesul<\/p>\n\n\n\n<figure class=\"wp-block-image size-large\"><img loading=\"lazy\" decoding=\"async\" width=\"1024\" height=\"1024\" src=\"https:\/\/www.ispblog.com.br\/wp-content\/uploads\/2023\/02\/ibusiness-2023-1024x1024.jpg\" alt=\"\" class=\"wp-image-6598\" srcset=\"https:\/\/ispmais.com.br\/blog\/wp-content\/uploads\/2023\/02\/ibusiness-2023-1024x1024.jpg 1024w, https:\/\/ispmais.com.br\/blog\/wp-content\/uploads\/2023\/02\/ibusiness-2023-300x300.jpg 300w, https:\/\/ispmais.com.br\/blog\/wp-content\/uploads\/2023\/02\/ibusiness-2023-150x150.jpg 150w, https:\/\/ispmais.com.br\/blog\/wp-content\/uploads\/2023\/02\/ibusiness-2023-768x768.jpg 768w, https:\/\/ispmais.com.br\/blog\/wp-content\/uploads\/2023\/02\/ibusiness-2023-696x696.jpg 696w, https:\/\/ispmais.com.br\/blog\/wp-content\/uploads\/2023\/02\/ibusiness-2023-1068x1068.jpg 1068w, https:\/\/ispmais.com.br\/blog\/wp-content\/uploads\/2023\/02\/ibusiness-2023.jpg 1080w\" sizes=\"auto, (max-width: 1024px) 100vw, 1024px\" \/><\/figure>\n\n\n\n<p>O Ibusiness, maior evento de Telecomunica\u00e7\u00e3o do Paran\u00e1, \u00e9 promovido pela Redetelesul, associa\u00e7\u00e3o sem fins lucrativos, regida por estatuto e formada por micro e pequenas empresas provedoras de internet, que promovem a verdadeira inclus\u00e3o digital, levando o acesso \u00e0 internet aos quatro cantos do estado paranaense. A edi\u00e7\u00e3o de 2023 do Ibusiness acontecer\u00e1 em Foz do Igua\u00e7u, no Rafain Palace Hotel &amp; Convention, nos dias 16 e 17 de mar\u00e7o.<\/p>\n\n\n\n<p>O evento re\u00fane profissionais renomados do mercado de ISP que est\u00e3o em busca de conhecimento, networking e novas oportunidades de neg\u00f3cio. Sendo um evento familiar, o Ibusiness possui o intuito de unir conhecimento, neg\u00f3cios e lazer. Realizado na cidade de Foz do Igua\u00e7u, proporciona aos participantes uma experi\u00eancia \u00fanica e agrad\u00e1vel, pois os participantes podem estender a viagem para conhecer os pontos tur\u00edsticos da cidade.<\/p>\n\n\n\n<p>A edi\u00e7\u00e3o deste ano contar\u00e1 com palestrantes reconhecidos nacionalmente, nomes como Camila Farani, empreendedora h\u00e1 18 anos, \u00e9 uma das maiores investidoras-anjo do Brasil, reconhecida pela Startup Awards e LAVCA, palestrante internacional, membro do Conselho de Administra\u00e7\u00e3o do PicPay, colunista da Forbes, do Estad\u00e3o e do MIT Tech Review, al\u00e9m de investidora do Shark Tank Brasil, o maior reality de empreendedorismo do mundo; Arthur Igreja, palestrante, empres\u00e1rio, investidor-anjo e professor pela FGV, autor do livro sobre inova\u00e7\u00e3o \u201cConveni\u00eancia \u00e9 o nome do Neg\u00f3cio\u201d e cofundador da plataforma AAA com Ricardo Amorim; e Rodrigo Pimentel, palestrante especialista na constru\u00e7\u00e3o de tropas de elite, ex-oficial da Pol\u00edcia Militar do Rio de Janeiro, ex-capit\u00e3o do BOPE e especialista em seguran\u00e7a p\u00fablica, internacionalmente conhecido por escrever a hist\u00f3ria do \u201cCapit\u00e3o Nascimento\u201d nos livros e filmes da franquia \u201cTropa de Elite\u201d baseado em suas pr\u00f3prias viv\u00eancias.<\/p>\n\n\n\n<p>Al\u00e9m destes palestrantes, o Ibusiness 2023 contar\u00e1 com a presen\u00e7a de Adriana Loduvichak, treinadora de comunica\u00e7\u00e3o e especialista em orat\u00f3ria, falando sobre comunica\u00e7\u00e3o pessoal e a respeito de como dominar o medo de falar em p\u00fablico. O evento tamb\u00e9m contar\u00e1 com a presen\u00e7a de Leandro Quint\u00e3o, consultor, empres\u00e1rio, criador do m\u00e9todo \u201cM\u00e1quina de vendas\u201d e fundador do Grupo 5G. E os irm\u00e3os Ronaldo e Rog\u00e9rio Couto, especialistas em treinamentos para ISPs, que apresentar\u00e3o uma reflex\u00e3o sobre a trajet\u00f3ria deste setor no Brasil.<\/p>\n\n\n\n<p>Essas palestras ser\u00e3o o ponto alto do Ibusiness, mas no evento tamb\u00e9m h\u00e1 espa\u00e7o para troca de experi\u00eancias entre os empreendedores, apresenta\u00e7\u00e3o e exposi\u00e7\u00e3o de novos produtos e servi\u00e7os, networking e oportunidade para o fechamento de novas parcerias.<\/p>\n\n\n\n<p>Seguindo a tradi\u00e7\u00e3o, no \u00faltimo dia do evento, acontecer\u00e1 o famoso baile de encerramento do Ibusiness, onde todos os participantes poder\u00e3o aproveitar para se divertir, dan\u00e7ar, rever e fazer novas amizades. Este \u00e9 um momento muito especial, pois \u00e9 celebrado todo o aprendizado adquirido durante o evento.<\/p>\n\n\n\n<p>Viva uma experi\u00eancia incr\u00edvel! Participe do maior evento de ISP do Paran\u00e1, aprenda com as palestras de grandes profissionais da \u00e1rea da inova\u00e7\u00e3o, tecnologia e ISP e concretize novas parcerias de neg\u00f3cios. O Ibusiness 2023 est\u00e1 repleto de oportunidades para o seu neg\u00f3cio evoluir! Foz do Igua\u00e7u te espera nos dias 16 e 17 de mar\u00e7o.<\/p>\n\n\n\n<p>Clique aqui e fa\u00e7a sua inscri\u00e7\u00e3o: <a href=\"https:\/\/redetelesul.com.br\/ibusiness\">https:\/\/redetelesul.com.br\/ibusiness<\/a><\/p>\n","protected":false},"excerpt":{"rendered":"<p>Camila Farani, Arthur Igreja e Rodrigo Pimentel est\u00e3o confirmados no evento promovido pela Redetelesul O Ibusiness, maior evento de Telecomunica\u00e7\u00e3o do Paran\u00e1, \u00e9 promovido pela Redetelesul, associa\u00e7\u00e3o sem fins lucrativos, regida por estatuto e formada por micro e pequenas empresas provedoras de internet, que promovem a verdadeira inclus\u00e3o digital, levando o acesso \u00e0 internet aos [&hellip;]<\/p>\n","protected":false},"author":1,"featured_media":6598,"comment_status":"open","ping_status":"open","sticky":false,"template":"","format":"standard","meta":{"footnotes":""},"categories":[1],"tags":[],"class_list":{"0":"post-6605","1":"post","2":"type-post","3":"status-publish","4":"format-standard","5":"has-post-thumbnail","7":"category-sem-categoria"},"yoast_head":"<!-- This site is optimized with the Yoast SEO plugin v25.7 - https:\/\/yoast.com\/wordpress\/plugins\/seo\/ -->\n<title>Ibusiness 2023: O maior evento de ISP do Paran\u00e1 reunir\u00e1 palestrantes renomados no Brasil<\/title>\n<meta name=\"description\" content=\"Camila Farani, Arthur Igreja e Rodrigo Pimentel est\u00e3o confirmados no evento promovido pela Redetelesul\" \/>\n<meta name=\"robots\" content=\"index, follow, max-snippet:-1, max-image-preview:large, max-video-preview:-1\" \/>\n<link rel=\"canonical\" href=\"https:\/\/ispmais.com.br\/blog\/?p=6605\" \/>\n<meta property=\"og:locale\" content=\"pt_BR\" \/>\n<meta property=\"og:type\" content=\"article\" \/>\n<meta property=\"og:title\" content=\"Ibusiness 2023: O maior evento de ISP do Paran\u00e1 reunir\u00e1 palestrantes renomados no Brasil\" \/>\n<meta property=\"og:description\" content=\"Camila Farani, Arthur Igreja e Rodrigo Pimentel est\u00e3o confirmados no evento promovido pela Redetelesul\" \/>\n<meta property=\"og:url\" content=\"https:\/\/ispmais.com.br\/blog\/?p=6605\" \/>\n<meta property=\"og:site_name\" content=\"ISP Blog\" \/>\n<meta property=\"article:published_time\" content=\"2023-02-22T11:00:00+00:00\" \/>\n<meta property=\"og:image\" content=\"https:\/\/ispmais.com.br\/blog\/wp-content\/uploads\/2023\/02\/ibusiness-2023.jpg\" \/>\n\t<meta property=\"og:image:width\" content=\"1080\" \/>\n\t<meta property=\"og:image:height\" content=\"1080\" \/>\n\t<meta property=\"og:image:type\" content=\"image\/jpeg\" \/>\n<meta name=\"author\" content=\"Fortram\" \/>\n<meta name=\"twitter:card\" content=\"summary_large_image\" \/>\n<meta name=\"twitter:label1\" content=\"Escrito por\" \/>\n\t<meta name=\"twitter:data1\" content=\"Fortram\" \/>\n\t<meta name=\"twitter:label2\" content=\"Est. tempo de leitura\" \/>\n\t<meta name=\"twitter:data2\" content=\"3 minutos\" \/>\n<script type=\"application\/ld+json\" class=\"yoast-schema-graph\">{\"@context\":\"https:\/\/schema.org\",\"@graph\":[{\"@type\":\"WebPage\",\"@id\":\"https:\/\/ispmais.com.br\/blog\/?p=6605\",\"url\":\"https:\/\/ispmais.com.br\/blog\/?p=6605\",\"name\":\"Ibusiness 2023: O maior evento de ISP do Paran\u00e1 reunir\u00e1 palestrantes renomados no Brasil\",\"isPartOf\":{\"@id\":\"https:\/\/ispmais.com.br\/blog\/#website\"},\"primaryImageOfPage\":{\"@id\":\"https:\/\/ispmais.com.br\/blog\/?p=6605#primaryimage\"},\"image\":{\"@id\":\"https:\/\/ispmais.com.br\/blog\/?p=6605#primaryimage\"},\"thumbnailUrl\":\"https:\/\/ispmais.com.br\/blog\/wp-content\/uploads\/2023\/02\/ibusiness-2023.jpg\",\"datePublished\":\"2023-02-22T11:00:00+00:00\",\"author\":{\"@id\":\"https:\/\/ispmais.com.br\/blog\/#\/schema\/person\/2023c1dff35852622ecd24558fc9510d\"},\"description\":\"Camila Farani, Arthur Igreja e Rodrigo Pimentel est\u00e3o confirmados no evento promovido pela Redetelesul\",\"breadcrumb\":{\"@id\":\"https:\/\/ispmais.com.br\/blog\/?p=6605#breadcrumb\"},\"inLanguage\":\"pt-BR\",\"potentialAction\":[{\"@type\":\"ReadAction\",\"target\":[\"https:\/\/ispmais.com.br\/blog\/?p=6605\"]}]},{\"@type\":\"ImageObject\",\"inLanguage\":\"pt-BR\",\"@id\":\"https:\/\/ispmais.com.br\/blog\/?p=6605#primaryimage\",\"url\":\"https:\/\/ispmais.com.br\/blog\/wp-content\/uploads\/2023\/02\/ibusiness-2023.jpg\",\"contentUrl\":\"https:\/\/ispmais.com.br\/blog\/wp-content\/uploads\/2023\/02\/ibusiness-2023.jpg\",\"width\":1080,\"height\":1080},{\"@type\":\"BreadcrumbList\",\"@id\":\"https:\/\/ispmais.com.br\/blog\/?p=6605#breadcrumb\",\"itemListElement\":[{\"@type\":\"ListItem\",\"position\":1,\"name\":\"Home\",\"item\":\"https:\/\/ispmais.com.br\/blog\/\"},{\"@type\":\"ListItem\",\"position\":2,\"name\":\"Ibusiness 2023: O maior evento de ISP do Paran\u00e1 reunir\u00e1 palestrantes renomados no Brasil\"}]},{\"@type\":\"WebSite\",\"@id\":\"https:\/\/ispmais.com.br\/blog\/#website\",\"url\":\"https:\/\/ispmais.com.br\/blog\/\",\"name\":\"ISP Blog\",\"description\":\"\",\"potentialAction\":[{\"@type\":\"SearchAction\",\"target\":{\"@type\":\"EntryPoint\",\"urlTemplate\":\"https:\/\/ispmais.com.br\/blog\/?s={search_term_string}\"},\"query-input\":{\"@type\":\"PropertyValueSpecification\",\"valueRequired\":true,\"valueName\":\"search_term_string\"}}],\"inLanguage\":\"pt-BR\"},{\"@type\":\"Person\",\"@id\":\"https:\/\/ispmais.com.br\/blog\/#\/schema\/person\/2023c1dff35852622ecd24558fc9510d\",\"name\":\"Fortram\",\"image\":{\"@type\":\"ImageObject\",\"inLanguage\":\"pt-BR\",\"@id\":\"https:\/\/ispmais.com.br\/blog\/#\/schema\/person\/image\/\",\"url\":\"https:\/\/secure.gravatar.com\/avatar\/79b185d16f6dfc083a429bb61bd828441848e5289b10b3da225f19bfa17734bb?s=96&d=mm&r=g\",\"contentUrl\":\"https:\/\/secure.gravatar.com\/avatar\/79b185d16f6dfc083a429bb61bd828441848e5289b10b3da225f19bfa17734bb?s=96&d=mm&r=g\",\"caption\":\"Fortram\"},\"sameAs\":[\"https:\/\/fortram.site\/wordpress\/iesp\/blog\"],\"url\":\"https:\/\/ispmais.com.br\/blog\/?author=1\"}]}<\/script>\n<!-- \/ Yoast SEO plugin. -->","yoast_head_json":{"title":"Ibusiness 2023: O maior evento de ISP do Paran\u00e1 reunir\u00e1 palestrantes renomados no Brasil","description":"Camila Farani, Arthur Igreja e Rodrigo Pimentel est\u00e3o confirmados no evento promovido pela Redetelesul","robots":{"index":"index","follow":"follow","max-snippet":"max-snippet:-1","max-image-preview":"max-image-preview:large","max-video-preview":"max-video-preview:-1"},"canonical":"https:\/\/ispmais.com.br\/blog\/?p=6605","og_locale":"pt_BR","og_type":"article","og_title":"Ibusiness 2023: O maior evento de ISP do Paran\u00e1 reunir\u00e1 palestrantes renomados no Brasil","og_description":"Camila Farani, Arthur Igreja e Rodrigo Pimentel est\u00e3o confirmados no evento promovido pela Redetelesul","og_url":"https:\/\/ispmais.com.br\/blog\/?p=6605","og_site_name":"ISP Blog","article_published_time":"2023-02-22T11:00:00+00:00","og_image":[{"width":1080,"height":1080,"url":"https:\/\/ispmais.com.br\/blog\/wp-content\/uploads\/2023\/02\/ibusiness-2023.jpg","type":"image\/jpeg"}],"author":"Fortram","twitter_card":"summary_large_image","twitter_misc":{"Escrito por":"Fortram","Est. tempo de leitura":"3 minutos"},"schema":{"@context":"https:\/\/schema.org","@graph":[{"@type":"WebPage","@id":"https:\/\/ispmais.com.br\/blog\/?p=6605","url":"https:\/\/ispmais.com.br\/blog\/?p=6605","name":"Ibusiness 2023: O maior evento de ISP do Paran\u00e1 reunir\u00e1 palestrantes renomados no Brasil","isPartOf":{"@id":"https:\/\/ispmais.com.br\/blog\/#website"},"primaryImageOfPage":{"@id":"https:\/\/ispmais.com.br\/blog\/?p=6605#primaryimage"},"image":{"@id":"https:\/\/ispmais.com.br\/blog\/?p=6605#primaryimage"},"thumbnailUrl":"https:\/\/ispmais.com.br\/blog\/wp-content\/uploads\/2023\/02\/ibusiness-2023.jpg","datePublished":"2023-02-22T11:00:00+00:00","author":{"@id":"https:\/\/ispmais.com.br\/blog\/#\/schema\/person\/2023c1dff35852622ecd24558fc9510d"},"description":"Camila Farani, Arthur Igreja e Rodrigo Pimentel est\u00e3o confirmados no evento promovido pela Redetelesul","breadcrumb":{"@id":"https:\/\/ispmais.com.br\/blog\/?p=6605#breadcrumb"},"inLanguage":"pt-BR","potentialAction":[{"@type":"ReadAction","target":["https:\/\/ispmais.com.br\/blog\/?p=6605"]}]},{"@type":"ImageObject","inLanguage":"pt-BR","@id":"https:\/\/ispmais.com.br\/blog\/?p=6605#primaryimage","url":"https:\/\/ispmais.com.br\/blog\/wp-content\/uploads\/2023\/02\/ibusiness-2023.jpg","contentUrl":"https:\/\/ispmais.com.br\/blog\/wp-content\/uploads\/2023\/02\/ibusiness-2023.jpg","width":1080,"height":1080},{"@type":"BreadcrumbList","@id":"https:\/\/ispmais.com.br\/blog\/?p=6605#breadcrumb","itemListElement":[{"@type":"ListItem","position":1,"name":"Home","item":"https:\/\/ispmais.com.br\/blog\/"},{"@type":"ListItem","position":2,"name":"Ibusiness 2023: O maior evento de ISP do Paran\u00e1 reunir\u00e1 palestrantes renomados no Brasil"}]},{"@type":"WebSite","@id":"https:\/\/ispmais.com.br\/blog\/#website","url":"https:\/\/ispmais.com.br\/blog\/","name":"ISP Blog","description":"","potentialAction":[{"@type":"SearchAction","target":{"@type":"EntryPoint","urlTemplate":"https:\/\/ispmais.com.br\/blog\/?s={search_term_string}"},"query-input":{"@type":"PropertyValueSpecification","valueRequired":true,"valueName":"search_term_string"}}],"inLanguage":"pt-BR"},{"@type":"Person","@id":"https:\/\/ispmais.com.br\/blog\/#\/schema\/person\/2023c1dff35852622ecd24558fc9510d","name":"Fortram","image":{"@type":"ImageObject","inLanguage":"pt-BR","@id":"https:\/\/ispmais.com.br\/blog\/#\/schema\/person\/image\/","url":"https:\/\/secure.gravatar.com\/avatar\/79b185d16f6dfc083a429bb61bd828441848e5289b10b3da225f19bfa17734bb?s=96&d=mm&r=g","contentUrl":"https:\/\/secure.gravatar.com\/avatar\/79b185d16f6dfc083a429bb61bd828441848e5289b10b3da225f19bfa17734bb?s=96&d=mm&r=g","caption":"Fortram"},"sameAs":["https:\/\/fortram.site\/wordpress\/iesp\/blog"],"url":"https:\/\/ispmais.com.br\/blog\/?author=1"}]}},"_links":{"self":[{"href":"https:\/\/ispmais.com.br\/blog\/index.php?rest_route=\/wp\/v2\/posts\/6605","targetHints":{"allow":["GET"]}}],"collection":[{"href":"https:\/\/ispmais.com.br\/blog\/index.php?rest_route=\/wp\/v2\/posts"}],"about":[{"href":"https:\/\/ispmais.com.br\/blog\/index.php?rest_route=\/wp\/v2\/types\/post"}],"author":[{"embeddable":true,"href":"https:\/\/ispmais.com.br\/blog\/index.php?rest_route=\/wp\/v2\/users\/1"}],"replies":[{"embeddable":true,"href":"https:\/\/ispmais.com.br\/blog\/index.php?rest_route=%2Fwp%2Fv2%2Fcomments&post=6605"}],"version-history":[{"count":0,"href":"https:\/\/ispmais.com.br\/blog\/index.php?rest_route=\/wp\/v2\/posts\/6605\/revisions"}],"wp:featuredmedia":[{"embeddable":true,"href":"https:\/\/ispmais.com.br\/blog\/index.php?rest_route=\/wp\/v2\/media\/6598"}],"wp:attachment":[{"href":"https:\/\/ispmais.com.br\/blog\/index.php?rest_route=%2Fwp%2Fv2%2Fmedia&parent=6605"}],"wp:term":[{"taxonomy":"category","embeddable":true,"href":"https:\/\/ispmais.com.br\/blog\/index.php?rest_route=%2Fwp%2Fv2%2Fcategories&post=6605"},{"taxonomy":"post_tag","embeddable":true,"href":"https:\/\/ispmais.com.br\/blog\/index.php?rest_route=%2Fwp%2Fv2%2Ftags&post=6605"}],"curies":[{"name":"wp","href":"https:\/\/api.w.org\/{rel}","templated":true}]}}