{"id":6786,"date":"2023-06-29T08:09:17","date_gmt":"2023-06-29T11:09:17","guid":{"rendered":"https:\/\/www.ispblog.com.br\/?p=6786"},"modified":"2023-06-29T08:09:17","modified_gmt":"2023-06-29T11:09:17","slug":"aonet-participa-do-cerejeiras-festival-2023-para-reforcar-presenca-em-garca","status":"publish","type":"post","link":"https:\/\/ispmais.com.br\/blog\/?p=6786","title":{"rendered":"AONET participa do Cerejeiras Festival 2023 para refor\u00e7ar presen\u00e7a em Gar\u00e7a"},"content":{"rendered":"\n<p><em>O evento ser\u00e1 realizado de 28 de junho a 02 de julho, no Lago JK Williams<\/em><\/p>\n\n\n\n<p>Seguindo a tradi\u00e7\u00e3o j\u00e1 h\u00e1 alguns anos, a cidade de Gar\u00e7a (SP) ser\u00e1 palco do Cerejeiras Festival, evento que celebra as \u00e1rvores que d\u00e3o nome \u00e0 festa, al\u00e9m de outros elementos da cultura japonesa. A edi\u00e7\u00e3o 2023 do Festival acontecer\u00e1 entre os dias 28 de junho e 02 de julho, no Lago JK Williams (Rua Maria Helena).<\/p>\n\n\n\n<p>Al\u00e9m de atra\u00e7\u00f5es de peso da m\u00fasica brasileira como CPM 22,&nbsp;Allana Macedo, Inimigos da HP e Old Mug Music e do tradicional toque de tambores japoneses, quem passar pelo local poder\u00e1 viver uma verdadeira experi\u00eancia de conectividade visitando o <em><strong>Digital Truck<\/strong><\/em>da<strong> DPR Telecomunica\u00e7\u00f5es<\/strong>, ind\u00fastria fabricante de produtos de fibra \u00f3ptica e distribuidora de produtos NOKIA. A casa digital itinerante constru\u00edda dentro de um caminh\u00e3o <em>show <\/em>em parceria com a NOKIA \u00e9 disponibilizada aos provedores de internet para demonstrar o potencial da sua conex\u00e3o. A atra\u00e7\u00e3o ser\u00e1 levada para a festa pela <strong>AONET<\/strong>, provedor que desde 2003 leva Internet de ultra velocidade para 29 cidades, incluindo a Regi\u00e3o de Gar\u00e7a.<\/p>\n\n\n\n<p>A Cidade de mais de 54 mil habitantes \u00e9 conhecida por seus cafezais, pela ferrovia que cortava o munic\u00edpio e, tamb\u00e9m, pelo Cerejeiras Festival, que atrai mais de 100 mil pessoas todos os anos. Hoje, Gar\u00e7a tamb\u00e9m \u00e9 considerada um Polo de Eletroeletr\u00f4nica, sediando diversas empresas de automa\u00e7\u00e3o de portas e port\u00f5es, seguran\u00e7a eletr\u00f4nica e materiais el\u00e9tricos respons\u00e1veis pelo abastecimento de boa parte do mercado interno e exportando para mais de 20 pa\u00edses.<\/p>\n\n\n\n<p><a><\/a> O caminh\u00e3o <em>show<\/em> estar\u00e1 aberto ao p\u00fablico durante todos os dias do evento: 28\/06, das 19h \u00e0s 0h; 29\/06, das 12h \u00e0s 0h; 30\/06, das 19h \u00e0s 1h; 01\/07, das 12h \u00e0s 02h e 02\/07, das 12h \u00e0s 23h. Atuais e futuros clientes AONET poder\u00e3o conhecer na pr\u00e1tica a qualidade e velocidade da conex\u00e3o que a empresa oferece e todos os demais servi\u00e7os que a empresa oferece. O ve\u00edculo totalmente climatizado envelopado na cor preta possui um ba\u00fa modelo fechado com porta palco. Na parte interna da casa tem TVs Smart 60\u201d, c\u00e2meras inteligentes, <em>Alexa<\/em>, <em>beacons<\/em> (extensores <em>Wi-Fi<\/em> Nokia) para fazer Rede <em>Mesh<\/em>, tomadas inteligentes, esta\u00e7\u00e3o <em>gamer com Xbox<\/em> e <em>Playstation<\/em> 4 e sensor de presen\u00e7a.<\/p>\n\n\n\n<p>Segundo <strong>Vander Stephanin<\/strong>, vice-presidente da DPR, parabeniza a equipe da AONET. <em>\u201cParab\u00e9ns a toda da AONET pela iniciativa em participar de um evento como este. O Digital Truck \u00e9 o produto ideal para impactar os clientes AONET e mostrar ao p\u00fablico todo o potencial da conex\u00e3o oferecida com fibra \u00f3ptica de qualidade, principalmente em tempos de 5G\u201d,<\/em> garante. &nbsp;<\/p>\n\n\n\n<h3 class=\"wp-block-heading\">Sobre a DPR<\/h3>\n\n\n\n<p>A DPR Telecomunica\u00e7\u00f5es, empresa brasileira com capital 100% nacional que atua h\u00e1 28 anos no* mercado, oferece solu\u00e7\u00f5es exclusivas e integradas para a estrutura do Setor de Telecom de Internet de Banda Larga Fixa, contribuindo com o processo de inclus\u00e3o digital no Pa\u00eds.<\/p>\n\n\n\n<p>Com uma cadeia produtiva composta, prioritariamente, por parceiros nacionais, a montagem dos produtos ocorre na f\u00e1brica sediada em Sorocaba (SP), em uma \u00e1rea com mais de 9.000 m\u00b2.<\/p>\n\n\n\n<p>As solu\u00e7\u00f5es DPR s\u00e3o desenvolvidas para atender as necessidades clim\u00e1ticas do Pa\u00eds, bem como o perfil de aplica\u00e7\u00e3o t\u00e9cnica da regi\u00e3o. L\u00edder em tecnologia e servi\u00e7os para ISPs do Brasil, possui mais de 90 patentes registradas.<\/p>\n\n\n\n<p>Com foco total no cliente, a empresa desenvolve o que h\u00e1 de mais moderno e inovador para os provedores e operadoras de Internet, al\u00e9m de ser a maior distribuidora Nokia da Am\u00e9rica Latina. Muito mais que uma desenvolvedora de produtos, a empresa oferece ao mercado condi\u00e7\u00f5es de pagamento diferenciadas e o <em>Turn-Key<\/em>, financiamento \u00fanico que viabiliza o retorno do investimento ao ISP. A solu\u00e7\u00e3o garante praticidade, redu\u00e7\u00e3o de custos e seguran\u00e7a operacional ao projeto do provedor, incluindo produtos de ativa\u00e7\u00e3o de redes e m\u00e3o de obra.<\/p>\n\n\n\n<p>Um trabalho de quase 30 anos para que provedores e operadoras do Brasil tenham as melhores solu\u00e7\u00f5es em suas redes e cres\u00e7am de forma sustent\u00e1vel.<\/p>\n\n\n\n<p>Acesse nosso site e confira: <a href=\"http:\/\/www.dpr.com.br\/\">www.dpr.com.br<\/a><\/p>\n\n\n\n<p>DPR. Construindo as redes do futuro.<\/p>\n","protected":false},"excerpt":{"rendered":"<p>O evento ser\u00e1 realizado de 28 de junho a 02 de julho, no Lago JK Williams Seguindo a tradi\u00e7\u00e3o j\u00e1 h\u00e1 alguns anos, a cidade de Gar\u00e7a (SP) ser\u00e1 palco do Cerejeiras Festival, evento que celebra as \u00e1rvores que d\u00e3o nome \u00e0 festa, al\u00e9m de outros elementos da cultura japonesa. A edi\u00e7\u00e3o 2023 do Festival [&hellip;]<\/p>\n","protected":false},"author":1,"featured_media":6462,"comment_status":"open","ping_status":"open","sticky":false,"template":"","format":"standard","meta":{"footnotes":""},"categories":[1],"tags":[],"class_list":{"0":"post-6786","1":"post","2":"type-post","3":"status-publish","4":"format-standard","5":"has-post-thumbnail","7":"category-sem-categoria"},"yoast_head":"<!-- This site is optimized with the Yoast SEO plugin v25.7 - https:\/\/yoast.com\/wordpress\/plugins\/seo\/ -->\n<title>AONET participa do Cerejeiras Festival 2023 para refor\u00e7ar presen\u00e7a em Gar\u00e7a<\/title>\n<meta name=\"description\" content=\"O evento ser\u00e1 realizado de 28 de junho a 02 de julho, no Lago JK Williams, e a AONET estar\u00e1 presente!\" \/>\n<meta name=\"robots\" content=\"index, follow, max-snippet:-1, max-image-preview:large, max-video-preview:-1\" \/>\n<link rel=\"canonical\" href=\"https:\/\/ispmais.com.br\/blog\/?p=6786\" \/>\n<meta property=\"og:locale\" content=\"pt_BR\" \/>\n<meta property=\"og:type\" content=\"article\" \/>\n<meta property=\"og:title\" content=\"AONET participa do Cerejeiras Festival 2023 para refor\u00e7ar presen\u00e7a em Gar\u00e7a\" \/>\n<meta property=\"og:description\" content=\"O evento ser\u00e1 realizado de 28 de junho a 02 de julho, no Lago JK Williams, e a AONET estar\u00e1 presente!\" \/>\n<meta property=\"og:url\" content=\"https:\/\/ispmais.com.br\/blog\/?p=6786\" \/>\n<meta property=\"og:site_name\" content=\"ISP Blog\" \/>\n<meta property=\"article:published_time\" content=\"2023-06-29T11:09:17+00:00\" \/>\n<meta property=\"og:image\" content=\"https:\/\/ispmais.com.br\/blog\/wp-content\/uploads\/2022\/10\/velocidade-de-acessos-scm.jpg\" \/>\n\t<meta property=\"og:image:width\" content=\"924\" \/>\n\t<meta property=\"og:image:height\" content=\"473\" \/>\n\t<meta property=\"og:image:type\" content=\"image\/jpeg\" \/>\n<meta name=\"author\" content=\"Fortram\" \/>\n<meta name=\"twitter:card\" content=\"summary_large_image\" \/>\n<meta name=\"twitter:label1\" content=\"Escrito por\" \/>\n\t<meta name=\"twitter:data1\" content=\"Fortram\" \/>\n\t<meta name=\"twitter:label2\" content=\"Est. tempo de leitura\" \/>\n\t<meta name=\"twitter:data2\" content=\"4 minutos\" \/>\n<script type=\"application\/ld+json\" class=\"yoast-schema-graph\">{\"@context\":\"https:\/\/schema.org\",\"@graph\":[{\"@type\":\"WebPage\",\"@id\":\"https:\/\/ispmais.com.br\/blog\/?p=6786\",\"url\":\"https:\/\/ispmais.com.br\/blog\/?p=6786\",\"name\":\"AONET participa do Cerejeiras Festival 2023 para refor\u00e7ar presen\u00e7a em Gar\u00e7a\",\"isPartOf\":{\"@id\":\"https:\/\/ispmais.com.br\/blog\/#website\"},\"primaryImageOfPage\":{\"@id\":\"https:\/\/ispmais.com.br\/blog\/?p=6786#primaryimage\"},\"image\":{\"@id\":\"https:\/\/ispmais.com.br\/blog\/?p=6786#primaryimage\"},\"thumbnailUrl\":\"https:\/\/ispmais.com.br\/blog\/wp-content\/uploads\/2022\/10\/velocidade-de-acessos-scm.jpg\",\"datePublished\":\"2023-06-29T11:09:17+00:00\",\"author\":{\"@id\":\"https:\/\/ispmais.com.br\/blog\/#\/schema\/person\/2023c1dff35852622ecd24558fc9510d\"},\"description\":\"O evento ser\u00e1 realizado de 28 de junho a 02 de julho, no Lago JK Williams, e a AONET estar\u00e1 presente!\",\"breadcrumb\":{\"@id\":\"https:\/\/ispmais.com.br\/blog\/?p=6786#breadcrumb\"},\"inLanguage\":\"pt-BR\",\"potentialAction\":[{\"@type\":\"ReadAction\",\"target\":[\"https:\/\/ispmais.com.br\/blog\/?p=6786\"]}]},{\"@type\":\"ImageObject\",\"inLanguage\":\"pt-BR\",\"@id\":\"https:\/\/ispmais.com.br\/blog\/?p=6786#primaryimage\",\"url\":\"https:\/\/ispmais.com.br\/blog\/wp-content\/uploads\/2022\/10\/velocidade-de-acessos-scm.jpg\",\"contentUrl\":\"https:\/\/ispmais.com.br\/blog\/wp-content\/uploads\/2022\/10\/velocidade-de-acessos-scm.jpg\",\"width\":924,\"height\":473,\"caption\":\"Velocidade de acessos\"},{\"@type\":\"BreadcrumbList\",\"@id\":\"https:\/\/ispmais.com.br\/blog\/?p=6786#breadcrumb\",\"itemListElement\":[{\"@type\":\"ListItem\",\"position\":1,\"name\":\"Home\",\"item\":\"https:\/\/ispmais.com.br\/blog\/\"},{\"@type\":\"ListItem\",\"position\":2,\"name\":\"AONET participa do Cerejeiras Festival 2023 para refor\u00e7ar presen\u00e7a em Gar\u00e7a\"}]},{\"@type\":\"WebSite\",\"@id\":\"https:\/\/ispmais.com.br\/blog\/#website\",\"url\":\"https:\/\/ispmais.com.br\/blog\/\",\"name\":\"ISP Blog\",\"description\":\"\",\"potentialAction\":[{\"@type\":\"SearchAction\",\"target\":{\"@type\":\"EntryPoint\",\"urlTemplate\":\"https:\/\/ispmais.com.br\/blog\/?s={search_term_string}\"},\"query-input\":{\"@type\":\"PropertyValueSpecification\",\"valueRequired\":true,\"valueName\":\"search_term_string\"}}],\"inLanguage\":\"pt-BR\"},{\"@type\":\"Person\",\"@id\":\"https:\/\/ispmais.com.br\/blog\/#\/schema\/person\/2023c1dff35852622ecd24558fc9510d\",\"name\":\"Fortram\",\"image\":{\"@type\":\"ImageObject\",\"inLanguage\":\"pt-BR\",\"@id\":\"https:\/\/ispmais.com.br\/blog\/#\/schema\/person\/image\/\",\"url\":\"https:\/\/secure.gravatar.com\/avatar\/79b185d16f6dfc083a429bb61bd828441848e5289b10b3da225f19bfa17734bb?s=96&d=mm&r=g\",\"contentUrl\":\"https:\/\/secure.gravatar.com\/avatar\/79b185d16f6dfc083a429bb61bd828441848e5289b10b3da225f19bfa17734bb?s=96&d=mm&r=g\",\"caption\":\"Fortram\"},\"sameAs\":[\"https:\/\/fortram.site\/wordpress\/iesp\/blog\"],\"url\":\"https:\/\/ispmais.com.br\/blog\/?author=1\"}]}<\/script>\n<!-- \/ Yoast SEO plugin. -->","yoast_head_json":{"title":"AONET participa do Cerejeiras Festival 2023 para refor\u00e7ar presen\u00e7a em Gar\u00e7a","description":"O evento ser\u00e1 realizado de 28 de junho a 02 de julho, no Lago JK Williams, e a AONET estar\u00e1 presente!","robots":{"index":"index","follow":"follow","max-snippet":"max-snippet:-1","max-image-preview":"max-image-preview:large","max-video-preview":"max-video-preview:-1"},"canonical":"https:\/\/ispmais.com.br\/blog\/?p=6786","og_locale":"pt_BR","og_type":"article","og_title":"AONET participa do Cerejeiras Festival 2023 para refor\u00e7ar presen\u00e7a em Gar\u00e7a","og_description":"O evento ser\u00e1 realizado de 28 de junho a 02 de julho, no Lago JK Williams, e a AONET estar\u00e1 presente!","og_url":"https:\/\/ispmais.com.br\/blog\/?p=6786","og_site_name":"ISP Blog","article_published_time":"2023-06-29T11:09:17+00:00","og_image":[{"width":924,"height":473,"url":"https:\/\/ispmais.com.br\/blog\/wp-content\/uploads\/2022\/10\/velocidade-de-acessos-scm.jpg","type":"image\/jpeg"}],"author":"Fortram","twitter_card":"summary_large_image","twitter_misc":{"Escrito por":"Fortram","Est. tempo de leitura":"4 minutos"},"schema":{"@context":"https:\/\/schema.org","@graph":[{"@type":"WebPage","@id":"https:\/\/ispmais.com.br\/blog\/?p=6786","url":"https:\/\/ispmais.com.br\/blog\/?p=6786","name":"AONET participa do Cerejeiras Festival 2023 para refor\u00e7ar presen\u00e7a em Gar\u00e7a","isPartOf":{"@id":"https:\/\/ispmais.com.br\/blog\/#website"},"primaryImageOfPage":{"@id":"https:\/\/ispmais.com.br\/blog\/?p=6786#primaryimage"},"image":{"@id":"https:\/\/ispmais.com.br\/blog\/?p=6786#primaryimage"},"thumbnailUrl":"https:\/\/ispmais.com.br\/blog\/wp-content\/uploads\/2022\/10\/velocidade-de-acessos-scm.jpg","datePublished":"2023-06-29T11:09:17+00:00","author":{"@id":"https:\/\/ispmais.com.br\/blog\/#\/schema\/person\/2023c1dff35852622ecd24558fc9510d"},"description":"O evento ser\u00e1 realizado de 28 de junho a 02 de julho, no Lago JK Williams, e a AONET estar\u00e1 presente!","breadcrumb":{"@id":"https:\/\/ispmais.com.br\/blog\/?p=6786#breadcrumb"},"inLanguage":"pt-BR","potentialAction":[{"@type":"ReadAction","target":["https:\/\/ispmais.com.br\/blog\/?p=6786"]}]},{"@type":"ImageObject","inLanguage":"pt-BR","@id":"https:\/\/ispmais.com.br\/blog\/?p=6786#primaryimage","url":"https:\/\/ispmais.com.br\/blog\/wp-content\/uploads\/2022\/10\/velocidade-de-acessos-scm.jpg","contentUrl":"https:\/\/ispmais.com.br\/blog\/wp-content\/uploads\/2022\/10\/velocidade-de-acessos-scm.jpg","width":924,"height":473,"caption":"Velocidade de acessos"},{"@type":"BreadcrumbList","@id":"https:\/\/ispmais.com.br\/blog\/?p=6786#breadcrumb","itemListElement":[{"@type":"ListItem","position":1,"name":"Home","item":"https:\/\/ispmais.com.br\/blog\/"},{"@type":"ListItem","position":2,"name":"AONET participa do Cerejeiras Festival 2023 para refor\u00e7ar presen\u00e7a em Gar\u00e7a"}]},{"@type":"WebSite","@id":"https:\/\/ispmais.com.br\/blog\/#website","url":"https:\/\/ispmais.com.br\/blog\/","name":"ISP Blog","description":"","potentialAction":[{"@type":"SearchAction","target":{"@type":"EntryPoint","urlTemplate":"https:\/\/ispmais.com.br\/blog\/?s={search_term_string}"},"query-input":{"@type":"PropertyValueSpecification","valueRequired":true,"valueName":"search_term_string"}}],"inLanguage":"pt-BR"},{"@type":"Person","@id":"https:\/\/ispmais.com.br\/blog\/#\/schema\/person\/2023c1dff35852622ecd24558fc9510d","name":"Fortram","image":{"@type":"ImageObject","inLanguage":"pt-BR","@id":"https:\/\/ispmais.com.br\/blog\/#\/schema\/person\/image\/","url":"https:\/\/secure.gravatar.com\/avatar\/79b185d16f6dfc083a429bb61bd828441848e5289b10b3da225f19bfa17734bb?s=96&d=mm&r=g","contentUrl":"https:\/\/secure.gravatar.com\/avatar\/79b185d16f6dfc083a429bb61bd828441848e5289b10b3da225f19bfa17734bb?s=96&d=mm&r=g","caption":"Fortram"},"sameAs":["https:\/\/fortram.site\/wordpress\/iesp\/blog"],"url":"https:\/\/ispmais.com.br\/blog\/?author=1"}]}},"_links":{"self":[{"href":"https:\/\/ispmais.com.br\/blog\/index.php?rest_route=\/wp\/v2\/posts\/6786","targetHints":{"allow":["GET"]}}],"collection":[{"href":"https:\/\/ispmais.com.br\/blog\/index.php?rest_route=\/wp\/v2\/posts"}],"about":[{"href":"https:\/\/ispmais.com.br\/blog\/index.php?rest_route=\/wp\/v2\/types\/post"}],"author":[{"embeddable":true,"href":"https:\/\/ispmais.com.br\/blog\/index.php?rest_route=\/wp\/v2\/users\/1"}],"replies":[{"embeddable":true,"href":"https:\/\/ispmais.com.br\/blog\/index.php?rest_route=%2Fwp%2Fv2%2Fcomments&post=6786"}],"version-history":[{"count":0,"href":"https:\/\/ispmais.com.br\/blog\/index.php?rest_route=\/wp\/v2\/posts\/6786\/revisions"}],"wp:featuredmedia":[{"embeddable":true,"href":"https:\/\/ispmais.com.br\/blog\/index.php?rest_route=\/wp\/v2\/media\/6462"}],"wp:attachment":[{"href":"https:\/\/ispmais.com.br\/blog\/index.php?rest_route=%2Fwp%2Fv2%2Fmedia&parent=6786"}],"wp:term":[{"taxonomy":"category","embeddable":true,"href":"https:\/\/ispmais.com.br\/blog\/index.php?rest_route=%2Fwp%2Fv2%2Fcategories&post=6786"},{"taxonomy":"post_tag","embeddable":true,"href":"https:\/\/ispmais.com.br\/blog\/index.php?rest_route=%2Fwp%2Fv2%2Ftags&post=6786"}],"curies":[{"name":"wp","href":"https:\/\/api.w.org\/{rel}","templated":true}]}}