{"id":6907,"date":"2023-10-06T07:58:11","date_gmt":"2023-10-06T10:58:11","guid":{"rendered":"https:\/\/www.ispblog.com.br\/?p=6907"},"modified":"2023-10-06T07:58:11","modified_gmt":"2023-10-06T10:58:11","slug":"ipv7-compra-futurait-consolidando-sua-posicao-estrategica-no-mercado-de-cloud-services","status":"publish","type":"post","link":"https:\/\/ispmais.com.br\/blog\/?p=6907","title":{"rendered":"IPV7 Compra FuturaIT, Consolidando Sua Posi\u00e7\u00e3o Estrat\u00e9gica no Mercado de Cloud Services"},"content":{"rendered":"\n<figure class=\"wp-block-image size-full\"><img loading=\"lazy\" decoding=\"async\" width=\"640\" height=\"427\" src=\"https:\/\/www.ispblog.com.br\/wp-content\/uploads\/2023\/10\/ipv7-cloud.png\" alt=\"\" class=\"wp-image-6909\" srcset=\"https:\/\/ispmais.com.br\/blog\/wp-content\/uploads\/2023\/10\/ipv7-cloud.png 640w, https:\/\/ispmais.com.br\/blog\/wp-content\/uploads\/2023\/10\/ipv7-cloud-300x200.png 300w, https:\/\/ispmais.com.br\/blog\/wp-content\/uploads\/2023\/10\/ipv7-cloud-150x100.png 150w\" sizes=\"auto, (max-width: 640px) 100vw, 640px\" \/><\/figure>\n\n\n\n<p>Com a incorpora\u00e7\u00e3o da FuturaIT pela IPV7, a nova entidade, IPV7.Cloud, emerge como uma for\u00e7a inovadora, prometendo revolucionar o panorama dos servi\u00e7os de cloud com solu\u00e7\u00f5es customizadas e uma abordagem orientada ao cliente no cen\u00e1rio latino-americano.<\/p>\n\n\n\n<p>A IPV7, reconhecida como uma das consolidadoras no mercado TIC, atinge um novo marco em sua trajet\u00f3ria com a incorpora\u00e7\u00e3o estrat\u00e9gica da FuturaIT, potencializando sua presen\u00e7a e especializa\u00e7\u00e3o no cen\u00e1rio de servi\u00e7os de nuvem devido a sinergia com o restante do seu portf\u00f3lio. O valor da transa\u00e7\u00e3o permanece confidencial.<\/p>\n\n\n\n<p>Droander Martins, CEO da IPV7, explica o impacto positivo deste movimento, salientando as diversas possibilidades que surgem, da melhoria de solu\u00e7\u00f5es j\u00e1 consolidadas ao desenvolvimento de novos servi\u00e7os, todos aderentes com as demandas espec\u00edficas de cada cliente e do momento de mercado. \u201cA incorpora\u00e7\u00e3o da FuturaIT \u00e9 estrat\u00e9gica. Eleva nossas compet\u00eancias e reafirma nosso compromisso com a inova\u00e7\u00e3o e a excel\u00eancia na presta\u00e7\u00e3o de servi\u00e7os de alta complexidade\u201d, declara Martins.<\/p>\n\n\n\n<p>\u201cA IPV7.Cloud nasce com a miss\u00e3o de ir al\u00e9m do convencional, de realmente entender e resolver as dores espec\u00edficas de nossos clientes. Somos uma boutique de cloud porque acreditamos no poder da especializa\u00e7\u00e3o e da customiza\u00e7\u00e3o. Este \u00e9 o futuro dos servi\u00e7os de cloud, e estamos aqui para definir o caminho,&#8221; afirma Martins.<\/p>\n\n\n\n<p>Robson Felthaus, fundador e CEO da Futura IT, ex Head de Infraestrutura e Neg\u00f3cios da Brasil Tecpar, agora S\u00f3cio e Diretor de Tecnologia e Opera\u00e7\u00f5es da IPV7.Cloud, declara \u201cA IPV7 sempre se destacou como uma boutique de solu\u00e7\u00f5es em Tecnologia, sua abordagem altamente especializada e focada cria um ambiente onde a inova\u00e7\u00e3o e a personaliza\u00e7\u00e3o s\u00e3o a norma, n\u00e3o a exce\u00e7\u00e3o&#8221;<\/p>\n\n\n\n<p>Felthaus, com duas d\u00e9cadas de experi\u00eancia no setor, ressalta: &#8220;Com a forma\u00e7\u00e3o da IPV7.Cloud, percebemos uma sinergia imediata; somos duas entidades que valorizam a excel\u00eancia e a precis\u00e3o em cada solu\u00e7\u00e3o entregue. A IPV7.Cloud \u00e9 uma oportunidade \u00edmpar para elevar nossas solu\u00e7\u00f5es e projetos a novos patamares de excel\u00eancia e inova\u00e7\u00e3o.\u201d<\/p>\n\n\n\n<p>Carlos Eduardo Bampi, Maria Eduarda Subtil e Ana Paula Araujo, tamb\u00e9m s\u00f3cios da IPV7, enxergam este movimento como uma transi\u00e7\u00e3o significativa, um passo crucial para a amplia\u00e7\u00e3o e aperfei\u00e7oamento do portf\u00f3lio de solu\u00e7\u00f5es da empresa. \u201cEste movimento \u00e9 reflexo de nosso comprometimento incessante com a qualidade e a inova\u00e7\u00e3o em todos os servi\u00e7os prestados\u201d, afirmam unanimemente.<\/p>\n\n\n\n<p>A IPV7.Cloud promete n\u00e3o apenas inovar, mas redefinir as expectativas do mercado com uma combina\u00e7\u00e3o in\u00e9dita de expertise t\u00e9cnica, inova\u00e7\u00e3o constante e um compromisso com a satisfa\u00e7\u00e3o do cliente. Al\u00e9m disso, com a IPV7 j\u00e1 sendo certificada pela ISO 9001, e com planos de obter a certifica\u00e7\u00e3o ISO 27001 no primeiro trimestre do pr\u00f3ximo ano, as expectativas s\u00e3o de elevados padr\u00f5es de qualidade e seguran\u00e7a. \u201cNossa abordagem como uma boutique de cloud permite uma proximidade sem precedentes com os clientes, uma agilidade organizacional inigual\u00e1vel, e o acesso a tecnologias e oportunidades verdadeiramente exclusivas,&#8221; completa Martins.<\/p>\n\n\n\n<p>Martins, ainda, enaltece os diferenciais da FuturaIT e sua contribui\u00e7\u00e3o \u00e0 forma\u00e7\u00e3o da IPV7.Cloud, apontando para o novo portf\u00f3lio robusto e funcional que nasce dessa uni\u00e3o. \u201cA IPV7.Cloud, portanto, n\u00e3o \u00e9 apenas uma extens\u00e3o da IPV7, mas uma entidade que reflete sua identidade e valores de ser uma boutique, ofertando solu\u00e7\u00f5es de cloud verdadeiramente personalizadas, diferentemente dos grandes players como AWS, Azure, Google Cloud, entre outros.&#8221;<\/p>\n\n\n\n<p>Esta aquisi\u00e7\u00e3o est\u00e1 estrategicamente alinhada a futuras colabora\u00e7\u00f5es e parcerias que a IPV7 est\u00e1 cultivando, ainda em fase de confidencialidade (NDA), com an\u00fancios previstos em breve para fortalecer ainda mais sua oferta de solu\u00e7\u00f5es tecnol\u00f3gicas.<\/p>\n\n\n\n<p>Assim, a IPV7.Cloud, alinhando inova\u00e7\u00e3o e excel\u00eancia, se posiciona para ser um \u00edcone em solu\u00e7\u00f5es de cloud, incorporando a experi\u00eancia da FuturaIT, enriquecendo assim seu legado e expandindo suas fronteiras de atua\u00e7\u00e3o.<\/p>\n","protected":false},"excerpt":{"rendered":"<p>Com a incorpora\u00e7\u00e3o da FuturaIT pela IPV7, a nova entidade, IPV7.Cloud, emerge como uma for\u00e7a inovadora, prometendo revolucionar o panorama dos servi\u00e7os de cloud com solu\u00e7\u00f5es customizadas e uma abordagem orientada ao cliente no cen\u00e1rio latino-americano. A IPV7, reconhecida como uma das consolidadoras no mercado TIC, atinge um novo marco em sua trajet\u00f3ria com a [&hellip;]<\/p>\n","protected":false},"author":1,"featured_media":6909,"comment_status":"open","ping_status":"open","sticky":false,"template":"","format":"standard","meta":{"footnotes":""},"categories":[1],"tags":[],"class_list":{"0":"post-6907","1":"post","2":"type-post","3":"status-publish","4":"format-standard","5":"has-post-thumbnail","7":"category-sem-categoria"},"yoast_head":"<!-- This site is optimized with the Yoast SEO plugin v25.7 - https:\/\/yoast.com\/wordpress\/plugins\/seo\/ -->\n<title>IPV7 Compra FuturaIT, Consolidando Sua Posi\u00e7\u00e3o Estrat\u00e9gica no Mercado de Cloud Services<\/title>\n<meta name=\"description\" content=\"Com a incorpora\u00e7\u00e3o da FuturaIT pela IPV7, a nova entidade, IPV7.Cloud, emerge como uma for\u00e7a inovadora.\" \/>\n<meta name=\"robots\" content=\"index, follow, max-snippet:-1, max-image-preview:large, max-video-preview:-1\" \/>\n<link rel=\"canonical\" href=\"https:\/\/ispmais.com.br\/blog\/?p=6907\" \/>\n<meta property=\"og:locale\" content=\"pt_BR\" \/>\n<meta property=\"og:type\" content=\"article\" \/>\n<meta property=\"og:title\" content=\"IPV7 Compra FuturaIT, Consolidando Sua Posi\u00e7\u00e3o Estrat\u00e9gica no Mercado de Cloud Services\" \/>\n<meta property=\"og:description\" content=\"Com a incorpora\u00e7\u00e3o da FuturaIT pela IPV7, a nova entidade, IPV7.Cloud, emerge como uma for\u00e7a inovadora.\" \/>\n<meta property=\"og:url\" content=\"https:\/\/ispmais.com.br\/blog\/?p=6907\" \/>\n<meta property=\"og:site_name\" content=\"ISP Blog\" \/>\n<meta property=\"article:published_time\" content=\"2023-10-06T10:58:11+00:00\" \/>\n<meta property=\"og:image\" content=\"https:\/\/ispmais.com.br\/blog\/wp-content\/uploads\/2023\/10\/ipv7-cloud.png\" \/>\n\t<meta property=\"og:image:width\" content=\"640\" \/>\n\t<meta property=\"og:image:height\" content=\"427\" \/>\n\t<meta property=\"og:image:type\" content=\"image\/png\" \/>\n<meta name=\"author\" content=\"Fortram\" \/>\n<meta name=\"twitter:card\" content=\"summary_large_image\" \/>\n<meta name=\"twitter:label1\" content=\"Escrito por\" \/>\n\t<meta name=\"twitter:data1\" content=\"Fortram\" \/>\n\t<meta name=\"twitter:label2\" content=\"Est. tempo de leitura\" \/>\n\t<meta name=\"twitter:data2\" content=\"3 minutos\" \/>\n<script type=\"application\/ld+json\" class=\"yoast-schema-graph\">{\"@context\":\"https:\/\/schema.org\",\"@graph\":[{\"@type\":\"WebPage\",\"@id\":\"https:\/\/ispmais.com.br\/blog\/?p=6907\",\"url\":\"https:\/\/ispmais.com.br\/blog\/?p=6907\",\"name\":\"IPV7 Compra FuturaIT, Consolidando Sua Posi\u00e7\u00e3o Estrat\u00e9gica no Mercado de Cloud Services\",\"isPartOf\":{\"@id\":\"https:\/\/ispmais.com.br\/blog\/#website\"},\"primaryImageOfPage\":{\"@id\":\"https:\/\/ispmais.com.br\/blog\/?p=6907#primaryimage\"},\"image\":{\"@id\":\"https:\/\/ispmais.com.br\/blog\/?p=6907#primaryimage\"},\"thumbnailUrl\":\"https:\/\/ispmais.com.br\/blog\/wp-content\/uploads\/2023\/10\/ipv7-cloud.png\",\"datePublished\":\"2023-10-06T10:58:11+00:00\",\"author\":{\"@id\":\"https:\/\/ispmais.com.br\/blog\/#\/schema\/person\/2023c1dff35852622ecd24558fc9510d\"},\"description\":\"Com a incorpora\u00e7\u00e3o da FuturaIT pela IPV7, a nova entidade, IPV7.Cloud, emerge como uma for\u00e7a inovadora.\",\"breadcrumb\":{\"@id\":\"https:\/\/ispmais.com.br\/blog\/?p=6907#breadcrumb\"},\"inLanguage\":\"pt-BR\",\"potentialAction\":[{\"@type\":\"ReadAction\",\"target\":[\"https:\/\/ispmais.com.br\/blog\/?p=6907\"]}]},{\"@type\":\"ImageObject\",\"inLanguage\":\"pt-BR\",\"@id\":\"https:\/\/ispmais.com.br\/blog\/?p=6907#primaryimage\",\"url\":\"https:\/\/ispmais.com.br\/blog\/wp-content\/uploads\/2023\/10\/ipv7-cloud.png\",\"contentUrl\":\"https:\/\/ispmais.com.br\/blog\/wp-content\/uploads\/2023\/10\/ipv7-cloud.png\",\"width\":640,\"height\":427},{\"@type\":\"BreadcrumbList\",\"@id\":\"https:\/\/ispmais.com.br\/blog\/?p=6907#breadcrumb\",\"itemListElement\":[{\"@type\":\"ListItem\",\"position\":1,\"name\":\"Home\",\"item\":\"https:\/\/ispmais.com.br\/blog\/\"},{\"@type\":\"ListItem\",\"position\":2,\"name\":\"IPV7 Compra FuturaIT, Consolidando Sua Posi\u00e7\u00e3o Estrat\u00e9gica no Mercado de Cloud Services\"}]},{\"@type\":\"WebSite\",\"@id\":\"https:\/\/ispmais.com.br\/blog\/#website\",\"url\":\"https:\/\/ispmais.com.br\/blog\/\",\"name\":\"ISP Blog\",\"description\":\"\",\"potentialAction\":[{\"@type\":\"SearchAction\",\"target\":{\"@type\":\"EntryPoint\",\"urlTemplate\":\"https:\/\/ispmais.com.br\/blog\/?s={search_term_string}\"},\"query-input\":{\"@type\":\"PropertyValueSpecification\",\"valueRequired\":true,\"valueName\":\"search_term_string\"}}],\"inLanguage\":\"pt-BR\"},{\"@type\":\"Person\",\"@id\":\"https:\/\/ispmais.com.br\/blog\/#\/schema\/person\/2023c1dff35852622ecd24558fc9510d\",\"name\":\"Fortram\",\"image\":{\"@type\":\"ImageObject\",\"inLanguage\":\"pt-BR\",\"@id\":\"https:\/\/ispmais.com.br\/blog\/#\/schema\/person\/image\/\",\"url\":\"https:\/\/secure.gravatar.com\/avatar\/79b185d16f6dfc083a429bb61bd828441848e5289b10b3da225f19bfa17734bb?s=96&d=mm&r=g\",\"contentUrl\":\"https:\/\/secure.gravatar.com\/avatar\/79b185d16f6dfc083a429bb61bd828441848e5289b10b3da225f19bfa17734bb?s=96&d=mm&r=g\",\"caption\":\"Fortram\"},\"sameAs\":[\"https:\/\/fortram.site\/wordpress\/iesp\/blog\"],\"url\":\"https:\/\/ispmais.com.br\/blog\/?author=1\"}]}<\/script>\n<!-- \/ Yoast SEO plugin. -->","yoast_head_json":{"title":"IPV7 Compra FuturaIT, Consolidando Sua Posi\u00e7\u00e3o Estrat\u00e9gica no Mercado de Cloud Services","description":"Com a incorpora\u00e7\u00e3o da FuturaIT pela IPV7, a nova entidade, IPV7.Cloud, emerge como uma for\u00e7a inovadora.","robots":{"index":"index","follow":"follow","max-snippet":"max-snippet:-1","max-image-preview":"max-image-preview:large","max-video-preview":"max-video-preview:-1"},"canonical":"https:\/\/ispmais.com.br\/blog\/?p=6907","og_locale":"pt_BR","og_type":"article","og_title":"IPV7 Compra FuturaIT, Consolidando Sua Posi\u00e7\u00e3o Estrat\u00e9gica no Mercado de Cloud Services","og_description":"Com a incorpora\u00e7\u00e3o da FuturaIT pela IPV7, a nova entidade, IPV7.Cloud, emerge como uma for\u00e7a inovadora.","og_url":"https:\/\/ispmais.com.br\/blog\/?p=6907","og_site_name":"ISP Blog","article_published_time":"2023-10-06T10:58:11+00:00","og_image":[{"width":640,"height":427,"url":"https:\/\/ispmais.com.br\/blog\/wp-content\/uploads\/2023\/10\/ipv7-cloud.png","type":"image\/png"}],"author":"Fortram","twitter_card":"summary_large_image","twitter_misc":{"Escrito por":"Fortram","Est. tempo de leitura":"3 minutos"},"schema":{"@context":"https:\/\/schema.org","@graph":[{"@type":"WebPage","@id":"https:\/\/ispmais.com.br\/blog\/?p=6907","url":"https:\/\/ispmais.com.br\/blog\/?p=6907","name":"IPV7 Compra FuturaIT, Consolidando Sua Posi\u00e7\u00e3o Estrat\u00e9gica no Mercado de Cloud Services","isPartOf":{"@id":"https:\/\/ispmais.com.br\/blog\/#website"},"primaryImageOfPage":{"@id":"https:\/\/ispmais.com.br\/blog\/?p=6907#primaryimage"},"image":{"@id":"https:\/\/ispmais.com.br\/blog\/?p=6907#primaryimage"},"thumbnailUrl":"https:\/\/ispmais.com.br\/blog\/wp-content\/uploads\/2023\/10\/ipv7-cloud.png","datePublished":"2023-10-06T10:58:11+00:00","author":{"@id":"https:\/\/ispmais.com.br\/blog\/#\/schema\/person\/2023c1dff35852622ecd24558fc9510d"},"description":"Com a incorpora\u00e7\u00e3o da FuturaIT pela IPV7, a nova entidade, IPV7.Cloud, emerge como uma for\u00e7a inovadora.","breadcrumb":{"@id":"https:\/\/ispmais.com.br\/blog\/?p=6907#breadcrumb"},"inLanguage":"pt-BR","potentialAction":[{"@type":"ReadAction","target":["https:\/\/ispmais.com.br\/blog\/?p=6907"]}]},{"@type":"ImageObject","inLanguage":"pt-BR","@id":"https:\/\/ispmais.com.br\/blog\/?p=6907#primaryimage","url":"https:\/\/ispmais.com.br\/blog\/wp-content\/uploads\/2023\/10\/ipv7-cloud.png","contentUrl":"https:\/\/ispmais.com.br\/blog\/wp-content\/uploads\/2023\/10\/ipv7-cloud.png","width":640,"height":427},{"@type":"BreadcrumbList","@id":"https:\/\/ispmais.com.br\/blog\/?p=6907#breadcrumb","itemListElement":[{"@type":"ListItem","position":1,"name":"Home","item":"https:\/\/ispmais.com.br\/blog\/"},{"@type":"ListItem","position":2,"name":"IPV7 Compra FuturaIT, Consolidando Sua Posi\u00e7\u00e3o Estrat\u00e9gica no Mercado de Cloud Services"}]},{"@type":"WebSite","@id":"https:\/\/ispmais.com.br\/blog\/#website","url":"https:\/\/ispmais.com.br\/blog\/","name":"ISP Blog","description":"","potentialAction":[{"@type":"SearchAction","target":{"@type":"EntryPoint","urlTemplate":"https:\/\/ispmais.com.br\/blog\/?s={search_term_string}"},"query-input":{"@type":"PropertyValueSpecification","valueRequired":true,"valueName":"search_term_string"}}],"inLanguage":"pt-BR"},{"@type":"Person","@id":"https:\/\/ispmais.com.br\/blog\/#\/schema\/person\/2023c1dff35852622ecd24558fc9510d","name":"Fortram","image":{"@type":"ImageObject","inLanguage":"pt-BR","@id":"https:\/\/ispmais.com.br\/blog\/#\/schema\/person\/image\/","url":"https:\/\/secure.gravatar.com\/avatar\/79b185d16f6dfc083a429bb61bd828441848e5289b10b3da225f19bfa17734bb?s=96&d=mm&r=g","contentUrl":"https:\/\/secure.gravatar.com\/avatar\/79b185d16f6dfc083a429bb61bd828441848e5289b10b3da225f19bfa17734bb?s=96&d=mm&r=g","caption":"Fortram"},"sameAs":["https:\/\/fortram.site\/wordpress\/iesp\/blog"],"url":"https:\/\/ispmais.com.br\/blog\/?author=1"}]}},"_links":{"self":[{"href":"https:\/\/ispmais.com.br\/blog\/index.php?rest_route=\/wp\/v2\/posts\/6907","targetHints":{"allow":["GET"]}}],"collection":[{"href":"https:\/\/ispmais.com.br\/blog\/index.php?rest_route=\/wp\/v2\/posts"}],"about":[{"href":"https:\/\/ispmais.com.br\/blog\/index.php?rest_route=\/wp\/v2\/types\/post"}],"author":[{"embeddable":true,"href":"https:\/\/ispmais.com.br\/blog\/index.php?rest_route=\/wp\/v2\/users\/1"}],"replies":[{"embeddable":true,"href":"https:\/\/ispmais.com.br\/blog\/index.php?rest_route=%2Fwp%2Fv2%2Fcomments&post=6907"}],"version-history":[{"count":0,"href":"https:\/\/ispmais.com.br\/blog\/index.php?rest_route=\/wp\/v2\/posts\/6907\/revisions"}],"wp:featuredmedia":[{"embeddable":true,"href":"https:\/\/ispmais.com.br\/blog\/index.php?rest_route=\/wp\/v2\/media\/6909"}],"wp:attachment":[{"href":"https:\/\/ispmais.com.br\/blog\/index.php?rest_route=%2Fwp%2Fv2%2Fmedia&parent=6907"}],"wp:term":[{"taxonomy":"category","embeddable":true,"href":"https:\/\/ispmais.com.br\/blog\/index.php?rest_route=%2Fwp%2Fv2%2Fcategories&post=6907"},{"taxonomy":"post_tag","embeddable":true,"href":"https:\/\/ispmais.com.br\/blog\/index.php?rest_route=%2Fwp%2Fv2%2Ftags&post=6907"}],"curies":[{"name":"wp","href":"https:\/\/api.w.org\/{rel}","templated":true}]}}