{"id":6983,"date":"2024-04-04T08:00:00","date_gmt":"2024-04-04T11:00:00","guid":{"rendered":"https:\/\/www.ispblog.com.br\/?p=6983"},"modified":"2024-04-04T08:00:00","modified_gmt":"2024-04-04T11:00:00","slug":"enfrentando-os-desafios-economicos-e-de-capacidade-do-cenario-em-evolucao-dos-centros-de-dados-no-caribe-e-america-latina","status":"publish","type":"post","link":"https:\/\/ispmais.com.br\/blog\/?p=6983","title":{"rendered":"Enfrentando os desafios econ\u00f4micos e de capacidade do cen\u00e1rio em evolu\u00e7\u00e3o dos centros de dados no Caribe e Am\u00e9rica Latina"},"content":{"rendered":"\n<p>Os centros de dados no Caribe e Am\u00e9rica Latina (CALA) est\u00e3o aumentando sua modularidade e natureza distribu\u00edda.<\/p>\n\n\n\n<p>Centros de dados n\u00e3o existem isoladamente. Como em outras partes do mundo, os centros de dados exigem conectividade local, regional e \u00e0s vezes submarina \u2013 conectividade \u00f3ptica de alta velocidade \u2013 para vincula\u00e7\u00e3o com outros centros de dados e pessoas e aplica\u00e7\u00f5es que utilizam seus recursos de computa\u00e7\u00e3o e armazenamento.<\/p>\n\n\n\n<p>Enquanto ind\u00fastria, como podemos evoluir e adaptar as solu\u00e7\u00f5es de interconex\u00e3o de centro de dados (<a href=\"https:\/\/www.infinera.com\/solutions\/data-center-interconnect\/\">DCI<\/a>), para suportar as demandas crescentes de capacidade de expans\u00e3o de centros de dados em hiperescala, enquanto tamb\u00e9m suportamos a diversidade dos menores, modulares e distribu\u00eddos?<\/p>\n\n\n\n<p>A resposta tem tr\u00eas partes: escolhas de plataformas \u00f3pticas modulares mais compactas, inova\u00e7\u00f5es em mecanismos \u00f3pticos coerentes quer embutidos, quer conect\u00e1veis, e maior espectro de transmiss\u00e3o por par de fibras. Resumidamente, precisamos dimensionar corretamente a capacidade e investimento do DCI, para atender \u00e0s demandas de transmiss\u00e3o dos centros de dados desde o in\u00edcio, enquanto permitimos a expans\u00e3o econ\u00f4mica e com efici\u00eancia energ\u00e9tica com o passar do tempo.<\/p>\n\n\n\n<h2 class=\"wp-block-heading\"><strong>Um chassi para atender a todo ambiente<\/strong><\/h2>\n\n\n\n<p>Embora a categoria DCI tenha come\u00e7ado com transponder pequenos, tipo servidor, equipados com mecanismos \u00f3pticos coerentes, a ind\u00fastria evoluiu rapidamente para mais flex\u00edveis <a href=\"https:\/\/www.infinera.com\/compact-modular\/\">plataformas modulares compactas<\/a>, com placas que podem ser misturadas e combinadas para suportar de modo pr\u00e1tico qualquer funcionalidade desejada, como visto na figura 1. Os chassis est\u00e3o dispon\u00edveis em uma faixa ampla de profundidades, para suportar a implanta\u00e7\u00e3o em diversos ambientes. Essas plataformas permitem misturar sistema de linha \u00f3ptica e funcionalidade de transponder e ser estendidas com conectividade entre m\u00faltiplos chassis, o que permite o f\u00e1cil gerenciamento de elementos de rede simples com capacidade de expans\u00e3o. Esse modelo pague-conforme-cresce permite que os operadores expandam apenas quando necess\u00e1rio, correspondendo custo e consumo de alimenta\u00e7\u00e3o \u00e0 capacidade.<\/p>\n\n\n\n<figure class=\"wp-block-image size-full\"><img loading=\"lazy\" decoding=\"async\" width=\"777\" height=\"260\" src=\"https:\/\/www.ispblog.com.br\/wp-content\/uploads\/2024\/04\/image.png\" alt=\"\" class=\"wp-image-6984\" srcset=\"https:\/\/ispmais.com.br\/blog\/wp-content\/uploads\/2024\/04\/image.png 777w, https:\/\/ispmais.com.br\/blog\/wp-content\/uploads\/2024\/04\/image-300x100.png 300w, https:\/\/ispmais.com.br\/blog\/wp-content\/uploads\/2024\/04\/image-768x257.png 768w, https:\/\/ispmais.com.br\/blog\/wp-content\/uploads\/2024\/04\/image-150x50.png 150w, https:\/\/ispmais.com.br\/blog\/wp-content\/uploads\/2024\/04\/image-696x233.png 696w\" sizes=\"auto, (max-width: 777px) 100vw, 777px\" \/><figcaption class=\"wp-element-caption\"><br \/><em>Figura 1: Plataforma DCI modular compacta com tren\u00f3s misture-e-corresponda<\/em><\/figcaption><\/figure>\n\n\n\n<h2 class=\"wp-block-heading\"><strong>Movimenta\u00e7\u00e3o na velocidade da luz<\/strong><\/h2>\n\n\n\n<p>Com maior integra\u00e7\u00e3o vertical, mecanismos \u00f3pticos coerentes l\u00edderes de tecnologia est\u00e3o evoluindo simultaneamente em duas dire\u00e7\u00f5es: 1) conect\u00e1veis menores, e de pot\u00eancia menor, que podem atingir 1.000 km ou mais e 2) mecanismos \u00f3pticos embutidos, baseados em placas e com tecnologia sofisticada de transmiss\u00e3o e recep\u00e7\u00e3o que maximiza o alcance de capacidade e efici\u00eancia espectral.<\/p>\n\n\n\n<p>Com capacidades crescentes em pequenos conect\u00e1veis 400G QSFP-DD, IP sobre DWDM (IPoDWDM) est\u00e1 come\u00e7ando a ser realizado com implanta\u00e7\u00f5es diretamente em roteadores e switches. Conect\u00e1veis b\u00e1sicos 400ZR suportam aplicativos DCI at\u00e9 120 km, com configura\u00e7\u00f5es fixas e transmitindo apenas tr\u00e1fego de Ethernet. Conect\u00e1veis 400G ZR+ mais avan\u00e7ados oferecem programabilidade aumentada, suporte para tr\u00e1fico OTN e Ethernet e melhor desempenho \u00f3ptico, para suportar conectividade metropolitana\/regional e alguma de longa dist\u00e2ncia. Conect\u00e1veis 400G XR suportam aplica\u00e7\u00f5es de alto desempenho ponta a ponta, como ZR+ e implanta\u00e7\u00f5es ponto a multiponto, onde um \u00f3ptico conect\u00e1vel 400G simples pode comunicar simultaneamente com m\u00faltiplos \u00f3pticos conect\u00e1veis 100G, em incrementos de 25 Gb\/s.<\/p>\n\n\n\n<p>Os mecanismos embutidos atuais, como ICE6 da Infinera, atingem 800 Gb\/s por comprimento de onda em dist\u00e2ncias que se aproximam de 1.000 km e os mesmos mecanismos 800G podem entregar 600 Gb\/s at\u00e9 3.000 km e 400 Gb\/s cobrindo quase todas as partes do mundo, incluindo trechos submarinos, que podem medir 10.000 km. Por\u00e9m, mecanismos de 1,2 Tb\/s por comprimento de onda e acima est\u00e3o surgindo nos laborat\u00f3rios de desenvolvimento e s\u00e3o ideais para solu\u00e7\u00f5es de conectividade DCI de longa dist\u00e2ncia.<\/p>\n\n\n\n<p>Mecanismos embutidos tamb\u00e9m s\u00e3o ideais onde a fibra \u00e9 escassa e alta efici\u00eancia espectral \u00e9 necess\u00e1ria. Por exemplo, em situa\u00e7\u00f5es em que um operador de centro de dados est\u00e1 locando fibra, mecanismos \u00f3pticos embutidos podem reduzir custos operacionais ao maximizar a quantidade de transmiss\u00e3o de dados sobre um par simples de fibra, para evitar a loca\u00e7\u00e3o de um segundo par de fibras ou enterrar novas fibras. O consumo de alimenta\u00e7\u00e3o de mecanismos \u00f3pticos coerentes 800G atuais tamb\u00e9m melhora drasticamente, utilizando 89% menos alimenta\u00e7\u00e3o por bit do que mecanismos similares 10 anos antes.<\/p>\n\n\n\n<p><strong>Colocando mais pistas e autom\u00f3veis na estrada<\/strong><\/p>\n\n\n\n<p>Na maior parte do mundo, as redes DWDM utilizaram apenas a banda C do espectro de fibra, por\u00e9m os operadores de escala Web com centros de dados de hiperescala foram os primeiros a adotar transmiss\u00e3o de banda C+L na mesma fibra. Assim como ao acrescentar pistas em uma estrada, expandir o espectro utiliz\u00e1vel em uma fibra permite entregar mais capacidade. Por\u00e9m, em anos recentes, os operadores focaram em obter ganhos de capacidade ao usar mecanismos \u00f3pticos espectralmente mais eficientes, com esquemas de modula\u00e7\u00e3o avan\u00e7ada. Uma vez que esses ganhos de efici\u00eancia diminuem com cada gera\u00e7\u00e3o sucessiva, os avan\u00e7os nos componentes de sistema de linha \u00f3ptica, como amplificadores e switches seletivos de comprimento de onda (WSS) podem aumentar com \u00f3tima rela\u00e7\u00e3o custo-benef\u00edcio o espectro de transmiss\u00e3o de 4,8 THz para 6,1 THz, em bandas Super C e Super L, conseguindo com um pequeno custo incremental de infraestrutura de sistema de linha realizar um ganho de 27% no espectro incremental e na capacidade de transmiss\u00e3o por par de fibra. Embora ainda seja precoce, busque implanta\u00e7\u00f5es de Super C Super L em redes DCI futuras.<\/p>\n\n\n\n<figure class=\"wp-block-image size-full is-resized\"><img loading=\"lazy\" decoding=\"async\" width=\"777\" height=\"80\" src=\"https:\/\/www.ispblog.com.br\/wp-content\/uploads\/2024\/04\/image-1.png\" alt=\"\" class=\"wp-image-6985\" style=\"width:777px;height:auto\" srcset=\"https:\/\/ispmais.com.br\/blog\/wp-content\/uploads\/2024\/04\/image-1.png 777w, https:\/\/ispmais.com.br\/blog\/wp-content\/uploads\/2024\/04\/image-1-300x31.png 300w, https:\/\/ispmais.com.br\/blog\/wp-content\/uploads\/2024\/04\/image-1-768x79.png 768w, https:\/\/ispmais.com.br\/blog\/wp-content\/uploads\/2024\/04\/image-1-150x15.png 150w, https:\/\/ispmais.com.br\/blog\/wp-content\/uploads\/2024\/04\/image-1-696x72.png 696w\" sizes=\"auto, (max-width: 777px) 100vw, 777px\" \/><figcaption class=\"wp-element-caption\"><br \/><em>Figura 2: Expans\u00e3o do espectro Super C e Super L<\/em> <\/figcaption><\/figure>\n\n\n\n<p>A estrutura de centro de dados n\u00e3o exibe sinais de abrandamento e os centros de dados de hiper escala massiva, embora ainda cr\u00edticos e em crescimento, est\u00e3o dando lugar a um n\u00famero crescente de centros de dados menores, modulares e diversos. Essa mudan\u00e7a vai acelerar as implanta\u00e7\u00f5es modulares compactas, com uma variedade de placas e chassis que atendem a diversos tipos de necessidades, uma cole\u00e7\u00e3o de mecanismos \u00f3pticos embutidos e conect\u00e1veis e um aumento do espectro de transmiss\u00e3o por fibra. Quando combinada, a arquitetura desta solu\u00e7\u00e3o permite ter um pre\u00e7o de entrada baixo, consumo de alimenta\u00e7\u00e3o reduzido e uma pegada pequena, bem como permite escalabilidade flex\u00edvel, para atender a demandas de capacidade futura.<\/p>\n\n\n\n<p><strong>Andres Madero,<\/strong><br \/><em>Bacharel em Engenharia pela Universidad del Norte, mestrado em Administra\u00e7\u00e3o de Empresas pela Universidade de Phoenix. Conhecimento em tecnologias L0-L3 e arquiteturas de redes. CTO da Infinera e reconhecido como um dos 100 l\u00edderes mais influentes na \u00e1rea Telecom LATAM.<\/em><\/p>\n\n\n\n<p><\/p>\n","protected":false},"excerpt":{"rendered":"<p>Os centros de dados no Caribe e Am\u00e9rica Latina (CALA) est\u00e3o aumentando sua modularidade e natureza distribu\u00edda. Centros de dados n\u00e3o existem isoladamente. Como em outras partes do mundo, os centros de dados exigem conectividade local, regional e \u00e0s vezes submarina \u2013 conectividade \u00f3ptica de alta velocidade \u2013 para vincula\u00e7\u00e3o com outros centros de dados [&hellip;]<\/p>\n","protected":false},"author":1,"featured_media":6638,"comment_status":"open","ping_status":"open","sticky":false,"template":"","format":"standard","meta":{"footnotes":""},"categories":[5],"tags":[],"class_list":{"0":"post-6983","1":"post","2":"type-post","3":"status-publish","4":"format-standard","5":"has-post-thumbnail","7":"category-artigos"},"yoast_head":"<!-- This site is optimized with the Yoast SEO plugin v25.7 - https:\/\/yoast.com\/wordpress\/plugins\/seo\/ -->\n<title>Enfrentando os desafios econ\u00f4micos e de capacidade do cen\u00e1rio em evolu\u00e7\u00e3o dos centros de dados no Caribe e Am\u00e9rica Latina<\/title>\n<meta name=\"robots\" content=\"index, follow, max-snippet:-1, max-image-preview:large, max-video-preview:-1\" \/>\n<link rel=\"canonical\" href=\"https:\/\/ispmais.com.br\/blog\/?p=6983\" \/>\n<meta property=\"og:locale\" content=\"pt_BR\" \/>\n<meta property=\"og:type\" content=\"article\" \/>\n<meta property=\"og:title\" content=\"Enfrentando os desafios econ\u00f4micos e de capacidade do cen\u00e1rio em evolu\u00e7\u00e3o dos centros de dados no Caribe e Am\u00e9rica Latina\" \/>\n<meta property=\"og:description\" content=\"Os centros de dados no Caribe e Am\u00e9rica Latina (CALA) est\u00e3o aumentando sua modularidade e natureza distribu\u00edda. Centros de dados n\u00e3o existem isoladamente. Como em outras partes do mundo, os centros de dados exigem conectividade local, regional e \u00e0s vezes submarina \u2013 conectividade \u00f3ptica de alta velocidade \u2013 para vincula\u00e7\u00e3o com outros centros de dados [&hellip;]\" \/>\n<meta property=\"og:url\" content=\"https:\/\/ispmais.com.br\/blog\/?p=6983\" \/>\n<meta property=\"og:site_name\" content=\"ISP Blog\" \/>\n<meta property=\"article:published_time\" content=\"2024-04-04T11:00:00+00:00\" \/>\n<meta property=\"og:image\" content=\"https:\/\/ispmais.com.br\/blog\/wp-content\/uploads\/2023\/03\/esg-setor-telecomunicacoes-evolucao-desafios-frente-tecnologia-5g.png\" \/>\n\t<meta property=\"og:image:width\" content=\"640\" \/>\n\t<meta property=\"og:image:height\" content=\"427\" \/>\n\t<meta property=\"og:image:type\" content=\"image\/png\" \/>\n<meta name=\"author\" content=\"Fortram\" \/>\n<meta name=\"twitter:card\" content=\"summary_large_image\" \/>\n<meta name=\"twitter:label1\" content=\"Escrito por\" \/>\n\t<meta name=\"twitter:data1\" content=\"Fortram\" \/>\n\t<meta name=\"twitter:label2\" content=\"Est. tempo de leitura\" \/>\n\t<meta name=\"twitter:data2\" content=\"5 minutos\" \/>\n<script type=\"application\/ld+json\" class=\"yoast-schema-graph\">{\"@context\":\"https:\/\/schema.org\",\"@graph\":[{\"@type\":\"WebPage\",\"@id\":\"https:\/\/ispmais.com.br\/blog\/?p=6983\",\"url\":\"https:\/\/ispmais.com.br\/blog\/?p=6983\",\"name\":\"Enfrentando os desafios econ\u00f4micos e de capacidade do cen\u00e1rio em evolu\u00e7\u00e3o dos centros de dados no Caribe e Am\u00e9rica Latina\",\"isPartOf\":{\"@id\":\"https:\/\/ispmais.com.br\/blog\/#website\"},\"primaryImageOfPage\":{\"@id\":\"https:\/\/ispmais.com.br\/blog\/?p=6983#primaryimage\"},\"image\":{\"@id\":\"https:\/\/ispmais.com.br\/blog\/?p=6983#primaryimage\"},\"thumbnailUrl\":\"https:\/\/ispmais.com.br\/blog\/wp-content\/uploads\/2023\/03\/esg-setor-telecomunicacoes-evolucao-desafios-frente-tecnologia-5g.png\",\"datePublished\":\"2024-04-04T11:00:00+00:00\",\"author\":{\"@id\":\"https:\/\/ispmais.com.br\/blog\/#\/schema\/person\/2023c1dff35852622ecd24558fc9510d\"},\"breadcrumb\":{\"@id\":\"https:\/\/ispmais.com.br\/blog\/?p=6983#breadcrumb\"},\"inLanguage\":\"pt-BR\",\"potentialAction\":[{\"@type\":\"ReadAction\",\"target\":[\"https:\/\/ispmais.com.br\/blog\/?p=6983\"]}]},{\"@type\":\"ImageObject\",\"inLanguage\":\"pt-BR\",\"@id\":\"https:\/\/ispmais.com.br\/blog\/?p=6983#primaryimage\",\"url\":\"https:\/\/ispmais.com.br\/blog\/wp-content\/uploads\/2023\/03\/esg-setor-telecomunicacoes-evolucao-desafios-frente-tecnologia-5g.png\",\"contentUrl\":\"https:\/\/ispmais.com.br\/blog\/wp-content\/uploads\/2023\/03\/esg-setor-telecomunicacoes-evolucao-desafios-frente-tecnologia-5g.png\",\"width\":640,\"height\":427},{\"@type\":\"BreadcrumbList\",\"@id\":\"https:\/\/ispmais.com.br\/blog\/?p=6983#breadcrumb\",\"itemListElement\":[{\"@type\":\"ListItem\",\"position\":1,\"name\":\"Home\",\"item\":\"https:\/\/ispmais.com.br\/blog\/\"},{\"@type\":\"ListItem\",\"position\":2,\"name\":\"Enfrentando os desafios econ\u00f4micos e de capacidade do cen\u00e1rio em evolu\u00e7\u00e3o dos centros de dados no Caribe e Am\u00e9rica Latina\"}]},{\"@type\":\"WebSite\",\"@id\":\"https:\/\/ispmais.com.br\/blog\/#website\",\"url\":\"https:\/\/ispmais.com.br\/blog\/\",\"name\":\"ISP Blog\",\"description\":\"\",\"potentialAction\":[{\"@type\":\"SearchAction\",\"target\":{\"@type\":\"EntryPoint\",\"urlTemplate\":\"https:\/\/ispmais.com.br\/blog\/?s={search_term_string}\"},\"query-input\":{\"@type\":\"PropertyValueSpecification\",\"valueRequired\":true,\"valueName\":\"search_term_string\"}}],\"inLanguage\":\"pt-BR\"},{\"@type\":\"Person\",\"@id\":\"https:\/\/ispmais.com.br\/blog\/#\/schema\/person\/2023c1dff35852622ecd24558fc9510d\",\"name\":\"Fortram\",\"image\":{\"@type\":\"ImageObject\",\"inLanguage\":\"pt-BR\",\"@id\":\"https:\/\/ispmais.com.br\/blog\/#\/schema\/person\/image\/\",\"url\":\"https:\/\/secure.gravatar.com\/avatar\/79b185d16f6dfc083a429bb61bd828441848e5289b10b3da225f19bfa17734bb?s=96&d=mm&r=g\",\"contentUrl\":\"https:\/\/secure.gravatar.com\/avatar\/79b185d16f6dfc083a429bb61bd828441848e5289b10b3da225f19bfa17734bb?s=96&d=mm&r=g\",\"caption\":\"Fortram\"},\"sameAs\":[\"https:\/\/fortram.site\/wordpress\/iesp\/blog\"],\"url\":\"https:\/\/ispmais.com.br\/blog\/?author=1\"}]}<\/script>\n<!-- \/ Yoast SEO plugin. -->","yoast_head_json":{"title":"Enfrentando os desafios econ\u00f4micos e de capacidade do cen\u00e1rio em evolu\u00e7\u00e3o dos centros de dados no Caribe e Am\u00e9rica Latina","robots":{"index":"index","follow":"follow","max-snippet":"max-snippet:-1","max-image-preview":"max-image-preview:large","max-video-preview":"max-video-preview:-1"},"canonical":"https:\/\/ispmais.com.br\/blog\/?p=6983","og_locale":"pt_BR","og_type":"article","og_title":"Enfrentando os desafios econ\u00f4micos e de capacidade do cen\u00e1rio em evolu\u00e7\u00e3o dos centros de dados no Caribe e Am\u00e9rica Latina","og_description":"Os centros de dados no Caribe e Am\u00e9rica Latina (CALA) est\u00e3o aumentando sua modularidade e natureza distribu\u00edda. Centros de dados n\u00e3o existem isoladamente. Como em outras partes do mundo, os centros de dados exigem conectividade local, regional e \u00e0s vezes submarina \u2013 conectividade \u00f3ptica de alta velocidade \u2013 para vincula\u00e7\u00e3o com outros centros de dados [&hellip;]","og_url":"https:\/\/ispmais.com.br\/blog\/?p=6983","og_site_name":"ISP Blog","article_published_time":"2024-04-04T11:00:00+00:00","og_image":[{"width":640,"height":427,"url":"https:\/\/ispmais.com.br\/blog\/wp-content\/uploads\/2023\/03\/esg-setor-telecomunicacoes-evolucao-desafios-frente-tecnologia-5g.png","type":"image\/png"}],"author":"Fortram","twitter_card":"summary_large_image","twitter_misc":{"Escrito por":"Fortram","Est. tempo de leitura":"5 minutos"},"schema":{"@context":"https:\/\/schema.org","@graph":[{"@type":"WebPage","@id":"https:\/\/ispmais.com.br\/blog\/?p=6983","url":"https:\/\/ispmais.com.br\/blog\/?p=6983","name":"Enfrentando os desafios econ\u00f4micos e de capacidade do cen\u00e1rio em evolu\u00e7\u00e3o dos centros de dados no Caribe e Am\u00e9rica Latina","isPartOf":{"@id":"https:\/\/ispmais.com.br\/blog\/#website"},"primaryImageOfPage":{"@id":"https:\/\/ispmais.com.br\/blog\/?p=6983#primaryimage"},"image":{"@id":"https:\/\/ispmais.com.br\/blog\/?p=6983#primaryimage"},"thumbnailUrl":"https:\/\/ispmais.com.br\/blog\/wp-content\/uploads\/2023\/03\/esg-setor-telecomunicacoes-evolucao-desafios-frente-tecnologia-5g.png","datePublished":"2024-04-04T11:00:00+00:00","author":{"@id":"https:\/\/ispmais.com.br\/blog\/#\/schema\/person\/2023c1dff35852622ecd24558fc9510d"},"breadcrumb":{"@id":"https:\/\/ispmais.com.br\/blog\/?p=6983#breadcrumb"},"inLanguage":"pt-BR","potentialAction":[{"@type":"ReadAction","target":["https:\/\/ispmais.com.br\/blog\/?p=6983"]}]},{"@type":"ImageObject","inLanguage":"pt-BR","@id":"https:\/\/ispmais.com.br\/blog\/?p=6983#primaryimage","url":"https:\/\/ispmais.com.br\/blog\/wp-content\/uploads\/2023\/03\/esg-setor-telecomunicacoes-evolucao-desafios-frente-tecnologia-5g.png","contentUrl":"https:\/\/ispmais.com.br\/blog\/wp-content\/uploads\/2023\/03\/esg-setor-telecomunicacoes-evolucao-desafios-frente-tecnologia-5g.png","width":640,"height":427},{"@type":"BreadcrumbList","@id":"https:\/\/ispmais.com.br\/blog\/?p=6983#breadcrumb","itemListElement":[{"@type":"ListItem","position":1,"name":"Home","item":"https:\/\/ispmais.com.br\/blog\/"},{"@type":"ListItem","position":2,"name":"Enfrentando os desafios econ\u00f4micos e de capacidade do cen\u00e1rio em evolu\u00e7\u00e3o dos centros de dados no Caribe e Am\u00e9rica Latina"}]},{"@type":"WebSite","@id":"https:\/\/ispmais.com.br\/blog\/#website","url":"https:\/\/ispmais.com.br\/blog\/","name":"ISP Blog","description":"","potentialAction":[{"@type":"SearchAction","target":{"@type":"EntryPoint","urlTemplate":"https:\/\/ispmais.com.br\/blog\/?s={search_term_string}"},"query-input":{"@type":"PropertyValueSpecification","valueRequired":true,"valueName":"search_term_string"}}],"inLanguage":"pt-BR"},{"@type":"Person","@id":"https:\/\/ispmais.com.br\/blog\/#\/schema\/person\/2023c1dff35852622ecd24558fc9510d","name":"Fortram","image":{"@type":"ImageObject","inLanguage":"pt-BR","@id":"https:\/\/ispmais.com.br\/blog\/#\/schema\/person\/image\/","url":"https:\/\/secure.gravatar.com\/avatar\/79b185d16f6dfc083a429bb61bd828441848e5289b10b3da225f19bfa17734bb?s=96&d=mm&r=g","contentUrl":"https:\/\/secure.gravatar.com\/avatar\/79b185d16f6dfc083a429bb61bd828441848e5289b10b3da225f19bfa17734bb?s=96&d=mm&r=g","caption":"Fortram"},"sameAs":["https:\/\/fortram.site\/wordpress\/iesp\/blog"],"url":"https:\/\/ispmais.com.br\/blog\/?author=1"}]}},"_links":{"self":[{"href":"https:\/\/ispmais.com.br\/blog\/index.php?rest_route=\/wp\/v2\/posts\/6983","targetHints":{"allow":["GET"]}}],"collection":[{"href":"https:\/\/ispmais.com.br\/blog\/index.php?rest_route=\/wp\/v2\/posts"}],"about":[{"href":"https:\/\/ispmais.com.br\/blog\/index.php?rest_route=\/wp\/v2\/types\/post"}],"author":[{"embeddable":true,"href":"https:\/\/ispmais.com.br\/blog\/index.php?rest_route=\/wp\/v2\/users\/1"}],"replies":[{"embeddable":true,"href":"https:\/\/ispmais.com.br\/blog\/index.php?rest_route=%2Fwp%2Fv2%2Fcomments&post=6983"}],"version-history":[{"count":0,"href":"https:\/\/ispmais.com.br\/blog\/index.php?rest_route=\/wp\/v2\/posts\/6983\/revisions"}],"wp:featuredmedia":[{"embeddable":true,"href":"https:\/\/ispmais.com.br\/blog\/index.php?rest_route=\/wp\/v2\/media\/6638"}],"wp:attachment":[{"href":"https:\/\/ispmais.com.br\/blog\/index.php?rest_route=%2Fwp%2Fv2%2Fmedia&parent=6983"}],"wp:term":[{"taxonomy":"category","embeddable":true,"href":"https:\/\/ispmais.com.br\/blog\/index.php?rest_route=%2Fwp%2Fv2%2Fcategories&post=6983"},{"taxonomy":"post_tag","embeddable":true,"href":"https:\/\/ispmais.com.br\/blog\/index.php?rest_route=%2Fwp%2Fv2%2Ftags&post=6983"}],"curies":[{"name":"wp","href":"https:\/\/api.w.org\/{rel}","templated":true}]}}